{"id":9633,"date":"2022-09-01T12:31:53","date_gmt":"2022-09-01T11:31:53","guid":{"rendered":"http:\/\/www.e-cartable.fr\/vasa-lecture\/?p=9633"},"modified":"2022-09-01T12:32:41","modified_gmt":"2022-09-01T11:32:41","slug":"druart-ruth-%e2%99%a6-lenfant-du-train","status":"publish","type":"post","link":"http:\/\/www.e-cartable.fr\/vasa-lecture\/druart-ruth-%e2%99%a6-lenfant-du-train\/","title":{"rendered":"Druart Ruth &#x2666; L&rsquo;enfant du train"},"content":{"rendered":"<p style=\"text-align: justify;\"><a href=\"http:\/\/www.e-cartable.fr\/vasa-lecture\/?attachment_id=9627\" rel=\"attachment wp-att-9627\"><img decoding=\"async\" loading=\"lazy\" class=\"alignright wp-image-9627\" src=\"http:\/\/www.e-cartable.fr\/vasa-lecture\/wp-content\/uploads\/2022\/09\/Lenfant-du-train.jpg\" alt=\"\" width=\"126\" height=\"202\" srcset=\"http:\/\/www.e-cartable.fr\/vasa-lecture\/wp-content\/uploads\/2022\/09\/Lenfant-du-train.jpg 400w, http:\/\/www.e-cartable.fr\/vasa-lecture\/wp-content\/uploads\/2022\/09\/Lenfant-du-train-187x300.jpg 187w, http:\/\/www.e-cartable.fr\/vasa-lecture\/wp-content\/uploads\/2022\/09\/Lenfant-du-train-220x353.jpg 220w\" sizes=\"(max-width: 126px) 100vw, 126px\" \/><\/a>Une histoire qui se d\u00e9roule sous l&rsquo;occupation allemande \u00e0 Paris. C&rsquo;est la chasse aux juifs pour les camps de la mort.<\/p>\n<p style=\"text-align: justify;\"><!--more-->Jean-Luc travaille \u00e0 la SNCF pass\u00e9e aux mains des Allemands. Il veille \u00e0 la maintenance des rails pour le passage des trains vers l&rsquo;Allemagne. Il se rend compte avec horreur du traitement r\u00e9serv\u00e9 aux juifs entass\u00e9s dans les trains et emmen\u00e9s vers des camps en Allemagne.<\/p>\n<p style=\"text-align: justify;\">Lors d&rsquo;une tentative de sabotage, il est bless\u00e9 et emmen\u00e9 dans un h\u00f4pital allemand de Paris. Il y fait la connaissance de Charlotte, parisienne et honteuse de travailler pour les Allemands. Ils tombent amoureux.<\/p>\n<p style=\"text-align: justify;\">Sarah et David, juifs parisiens viennent d&rsquo;avoir un petit b\u00e9b\u00e9, Samuel. Parce qu\u2019elle est Juive, ils sont arr\u00eat\u00e9s et doivent prendre un train de prisonniers. Juste avant de monter dans le train, Sarah parvient \u00e0 confier son tout petit b\u00e9b\u00e9 \u00e0 Jean-Luc.<\/p>\n<p style=\"text-align: justify;\"><em>\u00a0<\/em><\/p>\n<p style=\"text-align: justify;\">L\u2019homme n\u2019h\u00e9site pas une seconde et d\u00e9cide de tout faire pour sauver et prendre soin de cet enfant. Avec sa fianc\u00e9e et le petit Samuel, ils fuient Paris pour les \u00c9tats-Unis, pays o\u00f9 l\u2019on peut encore \u00eatre libre et en s\u00e9curit\u00e9. Leur p\u00e9riple sera fait d&#8217;emb\u00fbches, de rencontres bienfaitrices, g\u00e9n\u00e9reuses, aimantes qui comprennent leur d\u00e9cision. C&rsquo;est avec l&rsquo;aide d&rsquo;un passeur qu&rsquo;ils vont marcher dans le maquis avec le b\u00e9b\u00e9 qui a ses besoins. Il est port\u00e9 par Jean Luc en \u00e9charpe, sinon c&rsquo;est Charlotte qui le prend sur elle.<\/p>\n<p style=\"text-align: justify;\">Au fil du temps, ils oublient les traumatismes de la guerre. Ensemble, ils vont former une belle famille. Heureux, formant une famille loin de se douter que les parents de Samuel, auraient pu survivre.<\/p>\n<p style=\"text-align: justify;\">Neuf ans plus tard, une femme frappe \u00e0 leur porte. Une femme qui a surv\u00e9cu \u00e0 l\u2019enfer par amour pour son fils. Mais ce retour va d\u00e9clencher une temp\u00eate dont personne ne pourra sortir indemne\u2026<\/p>\n<p>&nbsp;<\/p>\n<p style=\"text-align: justify;\"><strong>L&rsquo;auteur :<\/strong><\/p>\n<p style=\"text-align: justify;\"><strong><a href=\"http:\/\/www.e-cartable.fr\/vasa-lecture\/?attachment_id=9628\" rel=\"attachment wp-att-9628\"><img decoding=\"async\" loading=\"lazy\" class=\"alignleft wp-image-9628\" src=\"http:\/\/www.e-cartable.fr\/vasa-lecture\/wp-content\/uploads\/2022\/09\/Ruth-Druart.jpg\" alt=\"\" width=\"268\" height=\"268\" srcset=\"http:\/\/www.e-cartable.fr\/vasa-lecture\/wp-content\/uploads\/2022\/09\/Ruth-Druart.jpg 400w, http:\/\/www.e-cartable.fr\/vasa-lecture\/wp-content\/uploads\/2022\/09\/Ruth-Druart-150x150.jpg 150w, http:\/\/www.e-cartable.fr\/vasa-lecture\/wp-content\/uploads\/2022\/09\/Ruth-Druart-300x300.jpg 300w, http:\/\/www.e-cartable.fr\/vasa-lecture\/wp-content\/uploads\/2022\/09\/Ruth-Druart-220x220.jpg 220w, http:\/\/www.e-cartable.fr\/vasa-lecture\/wp-content\/uploads\/2022\/09\/Ruth-Druart-120x120.jpg 120w\" sizes=\"(max-width: 268px) 100vw, 268px\" \/><\/a>Ruth Druart<\/strong> a grandi sur l&rsquo;\u00eele de Wight o\u00f9 elle a pass\u00e9 d&rsquo;heureuses journ\u00e9es d&rsquo;\u00e9t\u00e9 sur la plage \u00e0 nager et \u00e0 lire.<\/p>\n<p style=\"text-align: justify;\">Elle s&rsquo;est \u00e9loign\u00e9e de l\u2019\u00eele \u00e0 l&rsquo;\u00e2ge de dix-huit ans pour \u00e9tudier la psychologie \u00e0 l&rsquo;Universit\u00e9 de Leicester car elle a toujours \u00e9t\u00e9 fascin\u00e9e par le fonctionnement de l&rsquo;esprit, en particulier par ce qui motive les gens et ce qui peut les amener \u00e0 prendre de mauvaises d\u00e9cisions pour les bonnes raisons. Elle adore cr\u00e9er mes propres personnages, chacun imparfait et touchant \u00e0 sa mani\u00e8re.<\/p>\n<p style=\"text-align: justify;\">Apr\u00e8s une br\u00e8ve carri\u00e8re \u00e0 Londres chez Price Waterhouse, elle a d\u00e9m\u00e9nag\u00e9 \u00e0 Paris au d\u00e9but de la vingtaine, o\u00f9 elle a enseign\u00e9 la cinqui\u00e8me ann\u00e9e dans une \u00e9cole internationale. Cela l&rsquo;a amen\u00e9e \u00e0 suivre une ma\u00eetrise en \u00e9ducation internationale, ax\u00e9e sur les enfants de la troisi\u00e8me culture (TCK) et leur sentiment d&rsquo;appartenance. C\u2019est un th\u00e8me qui traverse son premier roman, <strong><em>Pendant que Paris dormait<\/em><\/strong><em>. <\/em>C&rsquo;est en fait le fait de vivre \u00e0 Paris qui l&rsquo;a inspir\u00e9e pour \u00e9crire ce livre, car elle en a appris davantage sur son pass\u00e9 troubl\u00e9 \u00e0 l&rsquo;\u00e9poque de la Seconde Guerre mondiale.<\/p>\n<p style=\"text-align: justify;\">Son deuxi\u00e8me livre, <strong><em>Les Derni\u00e8res Heures \u00e0 Paris,<\/em><\/strong> se d\u00e9roule \u00e9galement pendant l&rsquo;Occupation, vu \u00e0 travers les perspectives altern\u00e9es d&rsquo;un soldat allemand et d&rsquo;une jeune femme fran\u00e7aise.<\/p>\n<p style=\"text-align: justify;\">Elle vit \u00e0 Paris depuis 1993, o\u00f9 elle a poursuivi une carri\u00e8re dans l&rsquo;enseignement. Elle y dirige un groupe d&rsquo;\u00e9criture hebdomadaire appel\u00e9 Scriptorium.<\/p>\n<p style=\"text-align: justify;\">Elle a r\u00e9cemment pris un cong\u00e9 sabbatique afin de pouvoir r\u00e9aliser son r\u00eave d&rsquo;\u00e9crire \u00e0 temps plein.<\/p>\n","protected":false},"excerpt":{"rendered":"<p>Une histoire qui se d\u00e9roule sous l&rsquo;occupation allemande \u00e0 Paris. C&rsquo;est.<\/p>\n","protected":false},"author":3,"featured_media":9627,"comment_status":"open","ping_status":"closed","sticky":false,"template":"","format":"standard","meta":{"footnotes":""},"categories":[640],"tags":[649],"jetpack_featured_media_url":"http:\/\/www.e-cartable.fr\/vasa-lecture\/wp-content\/uploads\/2022\/09\/Lenfant-du-train.jpg","_links":{"self":[{"href":"http:\/\/www.e-cartable.fr\/vasa-lecture\/wp-json\/wp\/v2\/posts\/9633"}],"collection":[{"href":"http:\/\/www.e-cartable.fr\/vasa-lecture\/wp-json\/wp\/v2\/posts"}],"about":[{"href":"http:\/\/www.e-cartable.fr\/vasa-lecture\/wp-json\/wp\/v2\/types\/post"}],"author":[{"embeddable":true,"href":"http:\/\/www.e-cartable.fr\/vasa-lecture\/wp-json\/wp\/v2\/users\/3"}],"replies":[{"embeddable":true,"href":"http:\/\/www.e-cartable.fr\/vasa-lecture\/wp-json\/wp\/v2\/comments?post=9633"}],"version-history":[{"count":0,"href":"http:\/\/www.e-cartable.fr\/vasa-lecture\/wp-json\/wp\/v2\/posts\/9633\/revisions"}],"wp:featuredmedia":[{"embeddable":true,"href":"http:\/\/www.e-cartable.fr\/vasa-lecture\/wp-json\/wp\/v2\/media\/9627"}],"wp:attachment":[{"href":"http:\/\/www.e-cartable.fr\/vasa-lecture\/wp-json\/wp\/v2\/media?parent=9633"}],"wp:term":[{"taxonomy":"category","embeddable":true,"href":"http:\/\/www.e-cartable.fr\/vasa-lecture\/wp-json\/wp\/v2\/categories?post=9633"},{"taxonomy":"post_tag","embeddable":true,"href":"http:\/\/www.e-cartable.fr\/vasa-lecture\/wp-json\/wp\/v2\/tags?post=9633"}],"curies":[{"name":"wp","href":"https:\/\/api.w.org\/{rel}","templated":true}]}}