{"id":9398,"date":"2022-05-16T07:18:18","date_gmt":"2022-05-16T06:18:18","guid":{"rendered":"http:\/\/www.e-cartable.fr\/vasa-lecture\/?p=9398"},"modified":"2022-05-16T07:19:29","modified_gmt":"2022-05-16T06:19:29","slug":"hjorth-michael-rosenfeldt-hans","status":"publish","type":"post","link":"http:\/\/www.e-cartable.fr\/vasa-lecture\/hjorth-michael-rosenfeldt-hans\/","title":{"rendered":"Hjorth Michael &#038; Rosenfeldt Hans"},"content":{"rendered":"<p style=\"text-align: justify;\"><a href=\"http:\/\/www.e-cartable.fr\/vasa-lecture\/?attachment_id=9358\" rel=\"attachment wp-att-9358\"><img decoding=\"async\" loading=\"lazy\" class=\"alignright wp-image-9358 \" src=\"http:\/\/www.e-cartable.fr\/vasa-lecture\/wp-content\/uploads\/2022\/05\/Celui-qui-n\u00e9tait-pas-un-meurtrier.jpeg\" alt=\"\" width=\"154\" height=\"246\" srcset=\"http:\/\/www.e-cartable.fr\/vasa-lecture\/wp-content\/uploads\/2022\/05\/Celui-qui-n\u00e9tait-pas-un-meurtrier.jpeg 259w, http:\/\/www.e-cartable.fr\/vasa-lecture\/wp-content\/uploads\/2022\/05\/Celui-qui-n\u00e9tait-pas-un-meurtrier-188x300.jpeg 188w, http:\/\/www.e-cartable.fr\/vasa-lecture\/wp-content\/uploads\/2022\/05\/Celui-qui-n\u00e9tait-pas-un-meurtrier-220x352.jpeg 220w\" sizes=\"(max-width: 154px) 100vw, 154px\" \/><\/a>Le premier volume de la s\u00e9rie mettant en sc\u00e8ne Sebastian Bergman, qu\u2019on va tous adorer d\u00e9tester.<\/p>\n<p style=\"text-align: justify;\">Nous sommes \u00e0 V\u00e4ster\u00e5s, petite ville su\u00e9doise assez tranquille pour avoir une police un peu d\u00e9faillante. Ici comme ailleurs les flics jonglent avec des horaires de travail d\u00e9cal\u00e9s et des vies priv\u00e9es compliqu\u00e9es.<\/p>\n<p style=\"text-align: justify;\"><!--more-->Quand Lena Eriksson appelle la police de V\u00e4ster\u00e5s parce que son fils Roger n&rsquo;est pas rentr\u00e9, elle ne semble pas tr\u00e8s inqui\u00e8te. L&rsquo;adolescent a tr\u00e8s bien pu avoir envie de faire une vir\u00e9e \u00e0 Stockholm pour le week-end.<\/p>\n<p style=\"text-align: justify;\">De l\u00e0 \u00e0 n\u00e9gliger la disparition d&rsquo;un adolescent, il n&rsquo;y a qu&rsquo;un pas qui est franchi par un policier frustr\u00e9 de ne pas avoir \u00e9t\u00e9 nomm\u00e9 chef de brigade et vid\u00e9 par une \u00e9pouse qui veut \u00e0 tout prix tomber enceinte.<\/p>\n<p style=\"text-align: justify;\">Pensant \u00e0 une fugue, les policiers ne s&rsquo;inqui\u00e8tent pas non plus outre mesure et ne commencent \u00e0 enqu\u00eater que le lundi \u00e0 midi. Pour d\u00e9couvrir son corps, lac\u00e9r\u00e9 de coups de couteau au fond d&rsquo;une mare.<\/p>\n<p style=\"text-align: justify;\">Consciente d&rsquo;\u00eatre d\u00e9pass\u00e9e par une affaire mal engag\u00e9e, Kerstin Hanser, chef de brigade, d\u00e9cide d&rsquo;appeler la brigade criminelle de Stockholm \u00e0 la rescousse, des hommes et des femmes unis et solidaires, des professionnels aux personnalit\u00e9s tranch\u00e9es qui ont cr\u00e9\u00e9 entre eux un \u00e9quilibre des forces leur permettant de briller chacun dans leur domaine sans se marcher les uns sur les autres. Une belle \u00e9quipe d&rsquo;experts donc, qui est un peu mise \u00e0 mal par le psychologue qui se joint \u00e0 eux.<\/p>\n<p style=\"text-align: justify;\">C&rsquo;est ainsi que Torkel H\u00f6glund d\u00e9barque \u00e0 V\u00e4ster\u00e5s avec son \u00e9quipe\u00a0: l&rsquo;enqu\u00eatrice Vanja Lithner, la scientifique Ursula Andersson et l&rsquo;informaticien Billy Ros\u00e9n. Ils sont bient\u00f4t rejoints par le profileur Sebastian Bergman, de passage dans la ville pour vendre la maison familiale apr\u00e8s le d\u00e9c\u00e8s de sa m\u00e8re. L&rsquo;homme est un goujat qui ne se soucie ni de tact ni de sentiments. Il se sait le meilleur et ne se prive pas de le dire.<\/p>\n<p style=\"text-align: justify;\">Coureur de jupons arrogant et cynique, le psychologue ne fait pas l&rsquo;unanimit\u00e9 dans l&rsquo;\u00e9quipe mais il a des raisons personnelles de se m\u00ealer \u00e0 l&rsquo;enqu\u00eate et a su jouer de son amiti\u00e9 avec Torkel pour y participer.<\/p>\n<p style=\"text-align: justify;\">Ensemble, ils se lancent sur les traces de l&rsquo;assassin de Roger, adolescent sans histoires, \u00e9l\u00e8ve dans un lyc\u00e9e hupp\u00e9 de la ville.<\/p>\n<p style=\"text-align: justify;\">Sebastian ne va pas mettre longtemps, cependant, \u00e0 comprendre que bien des mensonges entourent le corps mutil\u00e9 et qu\u2019il va falloir d\u00e9sormais jouer contre la montre&#8230;<\/p>\n<p>&nbsp;<\/p>\n<p style=\"text-align: justify;\"><strong>Les auteurs :<\/strong><\/p>\n<p style=\"text-align: justify;\"><strong><a href=\"http:\/\/www.e-cartable.fr\/vasa-lecture\/?attachment_id=9359\" rel=\"attachment wp-att-9359\"><img decoding=\"async\" loading=\"lazy\" class=\"alignleft wp-image-9359\" src=\"http:\/\/www.e-cartable.fr\/vasa-lecture\/wp-content\/uploads\/2022\/05\/Hjorth-Rosenfeld.jpg\" alt=\"\" width=\"379\" height=\"251\" srcset=\"http:\/\/www.e-cartable.fr\/vasa-lecture\/wp-content\/uploads\/2022\/05\/Hjorth-Rosenfeld.jpg 1200w, http:\/\/www.e-cartable.fr\/vasa-lecture\/wp-content\/uploads\/2022\/05\/Hjorth-Rosenfeld-300x199.jpg 300w, http:\/\/www.e-cartable.fr\/vasa-lecture\/wp-content\/uploads\/2022\/05\/Hjorth-Rosenfeld-768x509.jpg 768w, http:\/\/www.e-cartable.fr\/vasa-lecture\/wp-content\/uploads\/2022\/05\/Hjorth-Rosenfeld-1024x678.jpg 1024w, http:\/\/www.e-cartable.fr\/vasa-lecture\/wp-content\/uploads\/2022\/05\/Hjorth-Rosenfeld-220x146.jpg 220w\" sizes=\"(max-width: 379px) 100vw, 379px\" \/><\/a>Michael Hjorth<\/strong>, n\u00e9 le 13 mai 1963 \u00e0 Visby, est un producteur, r\u00e9alisateur, sc\u00e9nariste et romancier su\u00e9dois.<\/p>\n<p style=\"text-align: justify;\">Son travail de sc\u00e9nariste est presque enti\u00e8rement destin\u00e9 \u00e0 la t\u00e9l\u00e9vision, o\u00f9 il amorce sa carri\u00e8re en 1994. Il est notamment, en 1996, le chef scripteur de la s\u00e9rie t\u00e9l\u00e9vis\u00e9e su\u00e9doise <em>Mysteriet p\u00e5 Greveholm\u00a0(en)<\/em>.<\/p>\n<p style=\"text-align: justify;\">Apr\u00e8s avoir r\u00e9alis\u00e9, en 1999, un \u00e9pisode de la s\u00e9rie t\u00e9l\u00e9vis\u00e9e su\u00e9doise <em>Jakten p\u00e5 en m\u00f6rdare<\/em>, il produit, \u00e9crit et r\u00e9alis\u00e9, en 2000, le film <em>Det ok\u00e4nda\u00a0(sv)<\/em> qui remporte le Grand prix du Cin\u00e9nygma &#8211; Luxembourg International Film Festival. En 2006, il r\u00e9alise le film <em>7 miljon\u00e4rer<\/em>.<\/p>\n<p style=\"text-align: justify;\">\u00c0 partir de 2011, il publie, en collaboration avec Hans Rosenfeldt, une s\u00e9rie litt\u00e9raire centr\u00e9e sur les enqu\u00eates du profileur et psychologue de la police su\u00e9doise Sebastian Bergman.<\/p>\n<p style=\"text-align: justify;\">Il est l&rsquo;un des cr\u00e9ateurs, en 2012, de la s\u00e9rie t\u00e9l\u00e9vis\u00e9e su\u00e9doise <em>Les Enqu\u00eates d&rsquo;\u00c9rica<\/em> (<em>Fj\u00e4llbackamorden<\/em>), dont il a sign\u00e9 le sc\u00e9nario du premier \u00e9pisode intitul\u00e9 <em>La mer donne, la mer reprend<\/em> (<em>Havet ger, Havet tar<\/em>).<\/p>\n<p style=\"text-align: justify;\"><strong>\u0152uvre\u00a0:<\/strong><\/p>\n<p><strong>S\u00e9rie <em>Sebastian Bergman\u00a0<\/em>:<\/strong> <strong><em>Cette s\u00e9rie est \u00e9crite en collaboration avec <a href=\"https:\/\/fr.wikipedia.org\/wiki\/Michael_Hjorth\">Hans<\/a> Rosenfeldt. <\/em><\/strong><\/p>\n<ol>\n<li style=\"text-align: justify;\"><em>Dark Secrets<\/em>, 2014 &#8211;\u00a0<em>Det f\u00f6rdolda<\/em>, 2011, trad.\u00a0Max Stadler &#8211; <strong>R\u00e9\u00e9dition sous le titre <em>Celui qui n&rsquo;\u00e9tait pas un meurtrier<\/em>,\u00a02022 <\/strong><\/li>\n<li style=\"text-align: justify;\"><em>Le Disciple<\/em>, 2015 &#8211;<em>L\u00e4rjungen<\/em>, 2012, trad.\u00a0Lucile Clauss<\/li>\n<li style=\"text-align: justify;\"><em>Le Tombeau<\/em>, 2015 &#8211;\u00a0<em>Fj\u00e4llgraven<\/em>, 2014, trad.\u00a0Lucile Clauss<\/li>\n<li style=\"text-align: justify;\"><em>La Fille muette<\/em>, 2018 &#8211;<em>Le stumma Flickan<\/em>, 2014, trad.\u00a0R\u00e9mi Cassaigne<\/li>\n<li style=\"text-align: justify;\"><em>Recal\u00e9<\/em>, Actes Sud, 2019 &#8211;\u00a0<em>De Underk\u00e4nda<\/em>, 2015, trad.\u00a0R\u00e9mi Cassaigne<\/li>\n<li style=\"text-align: justify;\"><em>Justice divine<\/em>, 2021 &#8211;\u00a0<em>En h\u00f6gre r\u00e4ttvisa<\/em>, 2018, trad.\u00a0R\u00e9mi Cassaigne<\/li>\n<\/ol>\n<p>&nbsp;<\/p>\n<p style=\"text-align: justify;\"><strong>\u00a0<\/strong><\/p>\n<p style=\"text-align: justify;\"><strong>Hans Rosenfeldt<\/strong>, n\u00e9 le 13 juillet 1964 \u00e0 Bor\u00e5s, est un sc\u00e9nariste et romancier su\u00e9dois.<\/p>\n<p style=\"text-align: justify;\">Son travail de sc\u00e9nariste est presque enti\u00e8rement destin\u00e9 \u00e0 la t\u00e9l\u00e9vision, o\u00f9 il amorce sa carri\u00e8re en 1995. Il co-cr\u00e9e les s\u00e9ries t\u00e9l\u00e9vis\u00e9es su\u00e9doises <em>De drabbade<\/em> (2003) et <em>Contre-enqu\u00eate<\/em> (2008-2009), et cr\u00e9e seul la s\u00e9rie scandinave <em>Bron<\/em> (2011-2015).<\/p>\n<p style=\"text-align: justify;\">Par la suite, Hans Rosenfeldt devient le sc\u00e9nariste de la s\u00e9rie polici\u00e8re britannique <em>Marcella<\/em>, diffus\u00e9e sur le r\u00e9seau ITV en Angleterre, et sur Netflix \u00e0 l&rsquo;ext\u00e9rieur du Royaume-Uni. La premi\u00e8re saison de <em>Marcella<\/em> a \u00e9t\u00e9 adapt\u00e9 par TF1 sous le nom de Rebecca avec Anne Marivin dans le r\u00f4le-titre.<\/p>\n<p style=\"text-align: justify;\">\u00c0 partir de 2011, il publie, en collaboration avec Michael Hjorth, une s\u00e9rie litt\u00e9raire centr\u00e9e sur les enqu\u00eates du profileur et psychologue de la police su\u00e9doise Sebastian Bergman.<\/p>\n<p style=\"text-align: justify;\"><strong>\u00a0<\/strong><\/p>\n<p style=\"text-align: justify;\"><strong>\u0152uvre\u00a0:<\/strong><\/p>\n<p><strong>S\u00e9rie <em>Sebastian Bergman\u00a0<\/em>:<\/strong> <strong><em>Cette s\u00e9rie est \u00e9crite en collaboration avec <a href=\"https:\/\/fr.wikipedia.org\/wiki\/Michael_Hjorth\">Hans<\/a> Rosenfeldt. <\/em><\/strong><\/p>\n<ol>\n<li><em>Dark Secrets<\/em>, 2014 &#8211;\u00a0<em>Det f\u00f6rdolda<\/em>, 2011, trad.\u00a0Max Stadler &#8211; <strong>R\u00e9\u00e9dition sous le titre <em>Celui qui n&rsquo;\u00e9tait pas un meurtrier<\/em>,\u00a02022 <\/strong><\/li>\n<li><em>Le Disciple<\/em>, 2015 &#8211;<em>L\u00e4rjungen<\/em>, 2012, trad.\u00a0Lucile Clauss<\/li>\n<li><em>Le Tombeau<\/em>, 2015 &#8211;\u00a0<em>Fj\u00e4llgraven<\/em>, 2014, trad.\u00a0Lucile Clauss<\/li>\n<li><em>La Fille muette<\/em>, 2018 &#8211;<em>Le stumma Flickan<\/em>, 2014, trad.\u00a0R\u00e9mi Cassaigne<\/li>\n<li><em>Recal\u00e9<\/em>, Actes Sud, 2019 &#8211;\u00a0<em>De Underk\u00e4nda<\/em>, 2015, trad.\u00a0R\u00e9mi Cassaigne<\/li>\n<li><em>Justice divine<\/em>, 2021 &#8211;\u00a0<em>En h\u00f6gre r\u00e4ttvisa<\/em>, 2018, trad.\u00a0R\u00e9mi Cassaigne<\/li>\n<\/ol>\n<p>&nbsp;<\/p>\n<p style=\"text-align: justify;\"><em>\u00a0<\/em><\/p>\n<p style=\"text-align: justify;\"><strong>Romans ind\u00e9pendants<\/strong><\/p>\n<ul>\n<li style=\"text-align: justify;\"><em>L&rsquo;\u00c9t\u00e9 des loups<\/em>, 2022 &#8211;\u00a0<em>Vargasommar<\/em>, 2020), trad.\u00a0R\u00e9mi Cassaigne<\/li>\n<\/ul>\n","protected":false},"excerpt":{"rendered":"<p>Le premier volume de la s\u00e9rie mettant en sc\u00e8ne Sebastian Bergman,.<\/p>\n","protected":false},"author":3,"featured_media":9358,"comment_status":"open","ping_status":"closed","sticky":false,"template":"","format":"standard","meta":{"footnotes":""},"categories":[627],"tags":[630],"jetpack_featured_media_url":"http:\/\/www.e-cartable.fr\/vasa-lecture\/wp-content\/uploads\/2022\/05\/Celui-qui-n\u00e9tait-pas-un-meurtrier.jpeg","_links":{"self":[{"href":"http:\/\/www.e-cartable.fr\/vasa-lecture\/wp-json\/wp\/v2\/posts\/9398"}],"collection":[{"href":"http:\/\/www.e-cartable.fr\/vasa-lecture\/wp-json\/wp\/v2\/posts"}],"about":[{"href":"http:\/\/www.e-cartable.fr\/vasa-lecture\/wp-json\/wp\/v2\/types\/post"}],"author":[{"embeddable":true,"href":"http:\/\/www.e-cartable.fr\/vasa-lecture\/wp-json\/wp\/v2\/users\/3"}],"replies":[{"embeddable":true,"href":"http:\/\/www.e-cartable.fr\/vasa-lecture\/wp-json\/wp\/v2\/comments?post=9398"}],"version-history":[{"count":0,"href":"http:\/\/www.e-cartable.fr\/vasa-lecture\/wp-json\/wp\/v2\/posts\/9398\/revisions"}],"wp:featuredmedia":[{"embeddable":true,"href":"http:\/\/www.e-cartable.fr\/vasa-lecture\/wp-json\/wp\/v2\/media\/9358"}],"wp:attachment":[{"href":"http:\/\/www.e-cartable.fr\/vasa-lecture\/wp-json\/wp\/v2\/media?parent=9398"}],"wp:term":[{"taxonomy":"category","embeddable":true,"href":"http:\/\/www.e-cartable.fr\/vasa-lecture\/wp-json\/wp\/v2\/categories?post=9398"},{"taxonomy":"post_tag","embeddable":true,"href":"http:\/\/www.e-cartable.fr\/vasa-lecture\/wp-json\/wp\/v2\/tags?post=9398"}],"curies":[{"name":"wp","href":"https:\/\/api.w.org\/{rel}","templated":true}]}}