{"id":9179,"date":"2022-01-03T08:15:22","date_gmt":"2022-01-03T07:15:22","guid":{"rendered":"http:\/\/www.e-cartable.fr\/vasa-lecture\/?p=9179"},"modified":"2022-01-03T08:17:08","modified_gmt":"2022-01-03T07:17:08","slug":"berest-anne-%e2%99%a6-la-carte-postale","status":"publish","type":"post","link":"http:\/\/www.e-cartable.fr\/vasa-lecture\/berest-anne-%e2%99%a6-la-carte-postale\/","title":{"rendered":"Berest Anne &#x2666; La carte postale"},"content":{"rendered":"<p style=\"text-align: justify;\"><a href=\"http:\/\/www.e-cartable.fr\/vasa-lecture\/?attachment_id=9181\" rel=\"attachment wp-att-9181\"><img decoding=\"async\" loading=\"lazy\" class=\"alignright wp-image-9181\" src=\"http:\/\/www.e-cartable.fr\/vasa-lecture\/wp-content\/uploads\/2022\/01\/La-carte-postale.jpg\" alt=\"\" width=\"174\" height=\"265\" srcset=\"http:\/\/www.e-cartable.fr\/vasa-lecture\/wp-content\/uploads\/2022\/01\/La-carte-postale.jpg 328w, http:\/\/www.e-cartable.fr\/vasa-lecture\/wp-content\/uploads\/2022\/01\/La-carte-postale-197x300.jpg 197w, http:\/\/www.e-cartable.fr\/vasa-lecture\/wp-content\/uploads\/2022\/01\/La-carte-postale-220x335.jpg 220w\" sizes=\"(max-width: 174px) 100vw, 174px\" \/><\/a>Ce livre est \u00e0 la fois une enqu\u00eate, le roman de ses anc\u00eatres, et une qu\u00eate initiatique sur la signification du mot \u00ab juif \u00bb dans une vie la\u00efque.<\/p>\n<p style=\"text-align: justify;\"><!--more-->Prix Renaudot des lyc\u00e9ens 2021. Il a figur\u00e9 dans le dernier carr\u00e9 de la s\u00e9lection Goncourt. Mais Camille Laurens, jur\u00e9 Goncourt, a consacr\u00e9 \u00e0 ce roman une chronique assassine dans <em>Le Monde<\/em> et a favoris\u00e9 l&rsquo;entr\u00e9e dans la s\u00e9lection le roman \u00ab\u00a0Des enfants de Cadillac\u00a0\u00bb\u00a0de son compagnon Fran\u00e7ois Noudelmann, qui traitait du m\u00eame sujet\u00a0: la Shoah. Camille Laurens fut accus\u00e9e de conflit d&rsquo;int\u00e9r\u00eats et de vouloir discr\u00e9diter le roman d&rsquo;Anne Berest en \u00e9crivant notamment\u00a0:\u00a0\u00ab\u00a0elle entre jusque dans la chambre \u00e0 gaz avec ses gros sabots \u00e0 semelles rouges\u00a0\u00bb.<\/p>\n<p style=\"text-align: justify;\">C&rsquo;\u00e9tait le 6 janvier 2003. Dans la bo\u00eete aux lettres de ses parents, au milieu des traditionnelles cartes de v\u0153ux, se trouvait une carte postale \u00e9trange adress\u00e9e \u00e0 \u00ab\u00a0M. Bouveris\u00a0\u00bb, avec L\u2019Op\u00e9ra Garnier d\u2019un c\u00f4t\u00e9, et de l\u2019autre, les pr\u00e9noms des grands-parents, de la tante et l\u2019oncle de sa m\u00e8re L\u00e9lia\u00a0: \u201cEphra\u00efm, Emma, No\u00e9mie, Jacques\u201d, morts \u00e0 Auschwitz en 1942. La carte n\u2019\u00e9tait pas sign\u00e9e, l\u2019auteur avait voulu rester anonyme.<\/p>\n<p style=\"text-align: justify;\">Vingt ans plus tard, en 2020, sa fille est trait\u00e9e de juive par un \u00e9colier \u2026 Elle d\u00e9cide alors de savoir qui avait envoy\u00e9 cette carte postale. Elle m\u00e8ne l\u2019enqu\u00eate, avec l\u2019aide de sa m\u00e8re L\u00e9lia Picabia, en explorant toutes les hypoth\u00e8ses qui s\u2019ouvraient \u00e0 elle. L\u00e9lia avait commenc\u00e9 \u00e0 recoller les morceaux de ce pass\u00e9 barricad\u00e9 dans le mutisme maternel, rassemblant et recoupant au cours de longues et minutieuses investigations les traces qui, dans leurs bo\u00eetes d&rsquo;archive, attendaient de trouver leur place dans la m\u00e9moire des vivants.<\/p>\n<p style=\"text-align: justify;\">En cherchant \u00e0 d\u00e9couvrir la provenance de cette carte, <strong>Anne Berest<\/strong> reconstruit progressivement une histoire familiale pass\u00e9e sous silence, reconstituant d&rsquo;une part l&rsquo;histoire de ses a\u00efeux, tout en s&rsquo;interrogeant sur sa propre identit\u00e9 juive.<\/p>\n<p style=\"text-align: justify;\">Avec l\u2019aide d\u2019un d\u00e9tective priv\u00e9 et d\u2019un criminologue, Anne Berest part \u00e0 la recherche de ses a\u00efeux morts \u00e0 Auschwitz en 1942, partis de Russie en 1919 et arriv\u00e9s en 1929 \u00e0 Paris via la Lettonie, puis la Palestine et enfin Paris, o\u00f9 ils seront bient\u00f4t fich\u00e9s juifs \u00e9trangers.<\/p>\n<p style=\"text-align: justify;\">Elle interroge les habitants du village o\u00f9 sa famille a \u00e9t\u00e9 arr\u00eat\u00e9e. Elle remue ciel et terre, et elle y est arriv\u00e9e.<\/p>\n<p style=\"text-align: justify;\">Cette enqu\u00eate l\u2019a men\u00e9e cent ans en arri\u00e8re. Elle a retrac\u00e9 le destin romanesque des Rabinovitch, leur fuite de Russie, leur voyage en Lettonie puis en Palestine. Et enfin, leur arriv\u00e9e \u00e0 Paris, avec la guerre et son d\u00e9sastre.<\/p>\n<p style=\"text-align: justify;\">Puis vient l&rsquo;horreur de la Shoah, de l&rsquo;organisation naus\u00e9abonde de la d\u00e9portation par la France aux retours surr\u00e9alistes des camps, en passant in\u00e9vitablement par l&rsquo;horreur sur place\u2026<\/p>\n<p style=\"text-align: justify;\">Elle essaye de comprendre comment sa grand-m\u00e8re Myriam fut la seule qui \u00e9chappa \u00e0 la d\u00e9portation. Est-ce parce qu\u2019elle a \u00e9pous\u00e9 Vicente, le fils de Francis Picabia et Gabrielle Buffet? Et \u00e9claircir les myst\u00e8res qui entouraient ses deux mariages.<\/p>\n<p style=\"text-align: justify;\">L\u00e9lia Picabia fut con\u00e7ue durant l&rsquo;occupation par ses parents, op\u00e9rateurs radios op\u00e9rant pour un r\u00e9seau de r\u00e9sistance \u2026 on devine son sort si ceux-ci avaient \u00e9t\u00e9 captur\u00e9s par l&rsquo;occupant. Son p\u00e8re Vicente se suicida apr\u00e8s la guerre. Myriam, sa m\u00e8re, se remaria et, durant des d\u00e9cennies, garda le silence sur son enfance et son mariage.<\/p>\n<p style=\"text-align: justify;\">Sa grand-m\u00e8re, n\u00e9e \u00e0 Moscou en 1919, grandit dans une fratrie de trois enfants (Myriam, No\u00e9mie et Jacques), fuit la Russie avec ses parents vers la Lettonie. Puis ils s&rsquo;installent en Palestine, cultivent des oranges, et arrivent enfin en France. Ils apprennent rapidement le fran\u00e7ais, Myriam et sa s\u0153ur No\u00e9mie collectionnent \u00e0 l\u2019\u00e9cole les premiers prix, pendant que leur p\u00e8re innove, d\u00e9pose des brevets et cr\u00e9e une soci\u00e9t\u00e9. Cette int\u00e9gration exemplaire ne suffit pas pour obtenir leur naturalisation et quand la guerre \u00e9clate, la famille est contrainte de se r\u00e9fugier dans l&rsquo;Eure. Myriam se marie le 14 novembre 1941, devient ainsi fran\u00e7aise, et s&rsquo;installe \u00e0 Paris avec Vicente Picabia.<\/p>\n<p style=\"text-align: justify;\">Le 13 juillet 1942, la gendarmerie se pr\u00e9sente au refuge des Rabinovitch, interpelle les enfants No\u00e9mie et Jacques qui sont emprisonn\u00e9s \u00e0 Evreux, intern\u00e9s au camp de Pithiviers, d\u00e9port\u00e9s le 2 aout vers Auschwitz\u2026 Jacques est gaz\u00e9, No\u00e9mie succombe du typhus.<\/p>\n<p style=\"text-align: justify;\">Le 8 octobre, Ephraim et Emma, les parents sont \u00e0 leur tour arr\u00eat\u00e9s, dirig\u00e9s vers Drancy et achev\u00e9s d\u00e8s leur arriv\u00e9e le 6 novembre \u00e0 Auschwitz<\/p>\n<p style=\"text-align: justify;\">Myriam, sans aucune nouvelle de ses parents, part en Provence, rejoint le r\u00e9seau anim\u00e9 par le Capitaine Alexandre alias Ren\u00e9 Char qui plastique la maison de Jean Giono, retrouve Vicente incarc\u00e9r\u00e9 \u00e0 Dijon, puis le couple remonte \u00e0 Paris o\u00f9 il est recrut\u00e9 par les services britanniques.<\/p>\n<p style=\"text-align: justify;\">A la lib\u00e9ration, elle guette devant l&rsquo;h\u00f4tel Lutetia le retour des d\u00e9port\u00e9s et prisonniers. En vain \u2026 Polyglotte elle s&rsquo;engage comme traductrice dans l&rsquo;arm\u00e9e pour oublier ce pass\u00e9 sinistre. Remari\u00e9e Myriam Bouveris refait sa vie, tait sa jud\u00e9it\u00e9, \u00e9l\u00e8ve ses enfants puis accueille ses petits-enfants l&rsquo;\u00e9t\u00e9 en Provence \u2026<\/p>\n<p>&nbsp;<\/p>\n<p style=\"text-align: justify;\"><strong>L&rsquo;auteur :<\/strong><\/p>\n<p style=\"text-align: justify;\"><strong><a href=\"http:\/\/www.e-cartable.fr\/vasa-lecture\/?attachment_id=9180\" rel=\"attachment wp-att-9180\"><img decoding=\"async\" loading=\"lazy\" class=\"alignleft wp-image-9180\" src=\"http:\/\/www.e-cartable.fr\/vasa-lecture\/wp-content\/uploads\/2022\/01\/Anne-Berest.jpg\" alt=\"\" width=\"252\" height=\"315\" srcset=\"http:\/\/www.e-cartable.fr\/vasa-lecture\/wp-content\/uploads\/2022\/01\/Anne-Berest.jpg 838w, http:\/\/www.e-cartable.fr\/vasa-lecture\/wp-content\/uploads\/2022\/01\/Anne-Berest-240x300.jpg 240w, http:\/\/www.e-cartable.fr\/vasa-lecture\/wp-content\/uploads\/2022\/01\/Anne-Berest-768x960.jpg 768w, http:\/\/www.e-cartable.fr\/vasa-lecture\/wp-content\/uploads\/2022\/01\/Anne-Berest-820x1024.jpg 820w, http:\/\/www.e-cartable.fr\/vasa-lecture\/wp-content\/uploads\/2022\/01\/Anne-Berest-220x275.jpg 220w\" sizes=\"(max-width: 252px) 100vw, 252px\" \/><\/a>Anne Berest<\/strong>, n\u00e9e le 15 septembre 1979 \u00e0 Paris, est une romanci\u00e8re et sc\u00e9nariste fran\u00e7aise.<\/p>\n<p style=\"text-align: justify;\">Elle est la fille de la linguiste L\u00e9lia Picabia et de Pierre Berest, ing\u00e9nieur g\u00e9n\u00e9ral des mines, dipl\u00f4m\u00e9 de l\u2019\u00c9cole Polytechnique et de l\u2019\u00c9cole des Mines de Paris. Elle est l\u2019arri\u00e8re-petite-fille de Francis Picabia et de Gabri\u00e8le Buffet-Picabia.<\/p>\n<p style=\"text-align: justify;\">Elle a deux s\u0153urs dont l&rsquo;\u00e9crivaine Claire Berest. Elles ont grandi en banlieue sud, dans une\u00a0maison avec jardin. Pour les vacances, la famille campait \u00e0 la diable dans le Luberon, dans un champ mis \u00e0 disposition par Ren\u00e9 Char, compagnon de r\u00e9sistance c\u00f4t\u00e9 maternel. Ou alors, la famille alternait avec la Bretagne vent\u00e9e et frileuse, celle du Finist\u00e8re-Nord paternel.<\/p>\n<p style=\"text-align: justify;\">Apr\u00e8s des classes pr\u00e9paratoires en Kh\u00e2gne au lyc\u00e9e F\u00e9nelon, elle soutient un m\u00e9moire d\u2019\u00e9tudes th\u00e9\u00e2trales sous la direction de Georges Forestier, en dramaturgie baroque.<\/p>\n<p style=\"text-align: justify;\">En 2001, elle cr\u00e9e au Th\u00e9\u00e2tre du Rond-Point la revue th\u00e9\u00e2trale <em>Les Carnets du Rond-Point<\/em> dont elle assure la r\u00e9daction en chef pendant cinq ans.<\/p>\n<p style=\"text-align: justify;\">En 2006, elle fonde <em>Porte-plume<\/em>, structure \u00e9ditoriale sp\u00e9cialis\u00e9e dans les livres de m\u00e9moire, et elle r\u00e9dige des biographies.<\/p>\n<p style=\"text-align: justify;\">En juin 2010, elle adapte pour \u00c9douard Baer le roman <em>Un pedigree<\/em> de Patrick Modiano, qui est jou\u00e9 au th\u00e9\u00e2tre de l\u2019Atelier. D\u2019abord pens\u00e9 comme une lecture, le monologue devient un spectacle, il est repris en d\u00e9cembre 2016 au Th\u00e9\u00e2tre Antoine. Le journal l\u2019Express cite \u00ab\u00a0Dans la mise en sc\u00e8ne d&rsquo;Anne Berest, Edouard Baer, ludion cher \u00e0 nos c\u0153urs, creuse son art jusqu&rsquo;au noyau. Grave et pudique, \u00e9l\u00e9gant.\u00bb<\/p>\n<p style=\"text-align: justify;\">La m\u00eame ann\u00e9e, elle publie au Seuil <strong><em>La Fille de son p\u00e8re<\/em>, <\/strong>un premier roman \u00ab\u00a0subtil et maitris\u00e9\u00a0\u00bb d&rsquo;apr\u00e8s <em>Le Monde<\/em>.<\/p>\n<p style=\"text-align: justify;\">De janvier \u00e0 avril 2011, elle \u00e9crit une chronique sur Paris dans <em>Le Journal du dimanche<\/em>.<\/p>\n<p style=\"text-align: justify;\">En 2012, elle publie <strong><em>Les Patriarches<\/em>,<\/strong> chez Grasset, un deuxi\u00e8me roman filial sur la fin des utopies. Le roman est finaliste la m\u00eame ann\u00e9e du Prix de Flore et finaliste du Prix Renaudot.<\/p>\n<p style=\"text-align: justify;\">En 2014, le fils de Fran\u00e7oise Sagan, Denis Westhoff, lui commande l&rsquo;\u00e9criture d&rsquo;un livre sur sa m\u00e8re pour les soixante ans de la parution de <em>Bonjour tristesse<\/em>. Ce sera <strong><em>Sagan 1954<\/em><\/strong>. Avec ce roman, elle conjugue ensuite ses deux casquettes, \u00e0 savoir biographe et romanci\u00e8re, pour raconter l\u2019histoire de la parution de <em>Bonjour tristesse<\/em> et l\u2019\u00e9lectrochoc qui s\u2019en est suivi.<\/p>\n<p style=\"text-align: justify;\">La m\u00eame ann\u00e9e, elle participe \u00e0 l&rsquo;ouvrage collectif <em>How to Be Parisian Wherever You Are<\/em> class\u00e9 dans les dix meilleures ventes du <em>New York Times,<\/em> un scrapbook qui analyse avec ironie la figure de la Parisienne (st\u00e9r\u00e9otype).<\/p>\n<p style=\"text-align: justify;\">Toujours en 2014, elle est cosc\u00e9nariste du t\u00e9l\u00e9film <em>Que d\u2019Amour<\/em> de Val\u00e9rie Donzelli diffus\u00e9 sur Arte le 19 juin 2014, <em>T\u00e9l\u00e9rama<\/em> se dit \u00ab\u00a0s\u00e9duit par sa relecture moderne, libre et furieusement romantique d\u2019un grand classique.\u00a0\u00bb<\/p>\n<p style=\"text-align: justify;\">En 2015, elle publie chez Grasset son quatri\u00e8me roman <strong><em>Recherche femme parfaite<\/em><\/strong>, une com\u00e9die f\u00e9ministe, r\u00e9flexion sur les injonctions \u00e0 la perfection que subissent les femmes dans la soci\u00e9t\u00e9 contemporaine.<\/p>\n<p style=\"text-align: justify;\">La m\u00eame ann\u00e9e, elle participe \u00e0 l\u2019\u00e9criture de la s\u00e9rie <em>Paris, etc.<\/em>, une s\u00e9rie t\u00e9l\u00e9vis\u00e9e fran\u00e7aise en douze \u00e9pisodes de 30 minutes diffus\u00e9e \u00e0 partir du 27 novembre 2017 sur Canal+.<\/p>\n<p style=\"text-align: justify;\">En 2016, elle commence pour la cha\u00eene Arte, l\u2019\u00e9criture de <em>Mytho<\/em>, une s\u00e9rie en six \u00e9pisodes de 45 minutes produite par Bruno Nahon. Elle \u00e9crit seule les six \u00e9pisodes, qui seront r\u00e9alis\u00e9s par Fabrice Gobert, le r\u00e9alisateur de la s\u00e9rie <em>Les Revenants<\/em>.<\/p>\n<p style=\"text-align: justify;\">En 2017, elle publie avec sa s\u0153ur, l\u2019\u00e9crivaine Claire Berest, une biographie \u00e0 quatre mains intitul\u00e9e <strong><em>Gabri\u00eble<\/em><\/strong>, dont l&rsquo;h\u00e9ro\u00efne est Gabri\u00e8le Buffet-Picabia, la femme du peintre Francis Picabia, et compagne de l\u2019artiste Marcel Duchamp, mais aussi son arri\u00e8re-grand-m\u00e8re.<\/p>\n<p style=\"text-align: justify;\">Dans ce livre, les s\u0153urs Berest r\u00e9habilitent le r\u00f4le intellectuel de Gabri\u00e8le Buffet-Picabia dans l\u2019histoire de l\u2019art, mettant en valeur son apport dans la pens\u00e9e de l\u2019abstraction en mati\u00e8re picturale. Le critique d\u2019art Philippe Dagen leur consacre un article dans <em>Le Monde<\/em>.<\/p>\n<p style=\"text-align: justify;\">Elle est membre du Collectif 50\/50 qui a pour but de promouvoir l\u2019\u00e9galit\u00e9 des femmes et des hommes et la diversit\u00e9 dans le cin\u00e9ma et l\u2019audiovisuel.<\/p>\n<p style=\"text-align: justify;\">Anne Berest et Fabrice Gobert deviennent les deux co-cr\u00e9ateurs de la s\u00e9rie <em>Mytho<\/em>, seule s\u00e9rie fran\u00e7aise en comp\u00e9tition internationale lors de la 10<sup>e<\/sup> \u00e9dition du Festival S\u00e9ries Mania 2019.<\/p>\n<p style=\"text-align: justify;\">Elle interpr\u00e8te le r\u00f4le d&rsquo;un m\u00e9decin dans <em>La guerre est d\u00e9clar\u00e9e<\/em> de Val\u00e9rie Donzelli et le r\u00f4le de la pr\u00e9sentatrice du journal t\u00e9l\u00e9vis\u00e9e dans la s\u00e9rie <em>Les Sauvages<\/em> de Sabri Louatah et Rebecca Zlotowski. Elle joue son propre r\u00f4le dans <em>ADN<\/em> de Ma\u00efwenn Le Besco.<\/p>\n<p style=\"text-align: justify;\">En f\u00e9vrier 2020, elle \u00e9crit et met en sc\u00e8ne <em>La Visite<\/em> pour l\u2019actrice pour Lolita Chammah. Cr\u00e9\u00e9e au th\u00e9\u00e2tre de Ch\u00e2teauvallon, sc\u00e8ne nationale Ollioule, elle est ensuite pr\u00e9sent\u00e9e au Th\u00e9\u00e2tre du Rond-point dans la salle Roland Topor. La pi\u00e8ce raconte \u00ab\u00a0l\u2019histoire d\u2019une jeune femme universitaire, sp\u00e9cialiste en sciences du cerveau, qui a suivi son mari aux \u00c9tats-Unis, o\u00f9 il vient d\u2019\u00eatre nomm\u00e9 enseignant-chercheur dans une fac prestigieuse. Elle a profit\u00e9 de la naissance de leur premier enfant et de son cong\u00e9 maternit\u00e9 pour l\u2019accompagner sur ce campus, loin de ses amis et de sa famille. Malgr\u00e9 son humour et sa force mentale, cette solitude lui p\u00e8se.\u00a0\u00bb<\/p>\n<p style=\"text-align: justify;\">En ao\u00fbt 2021 est publi\u00e9 son roman <strong><em>La Carte postale<\/em>.<\/strong> Il re\u00e7oit le Prix Renaudot des Lyc\u00e9ens 2021. Le roman est s\u00e9lectionn\u00e9 pour le Prix Goncourt, d\u00e9but d&rsquo;une pol\u00e9mique apr\u00e8s une tribune de Camille Laurens.<\/p>\n<p style=\"text-align: justify;\">Elle a pour compagnon le banquier d&rsquo;affaires Gr\u00e9goire Chertok.<\/p>\n<p style=\"text-align: justify;\">Elle vit avec ses filles, n\u00e9es de ses amours avec un dessinateur, puis avec un banquier \u00e0 Paris sur la rive gauche dans un appartement parisien mais pas haussmannien, en location, rue de Rennes.<\/p>\n<p style=\"text-align: justify;\"><strong>\u00a0<\/strong><\/p>\n<p>&nbsp;<\/p>\n<p style=\"text-align: justify;\"><strong>Publications<\/strong><\/p>\n<ul style=\"text-align: justify;\">\n<li><em>La Fille de son p\u00e8re<\/em>, 2010, Prix des dunes<\/li>\n<li><em>Les Patriarches<\/em>, 2012<\/li>\n<li><em>Sagan 1954<\/em>, 2014<\/li>\n<\/ul>\n<ul style=\"text-align: justify;\">\n<li>Audrey Diwan, Caroline de Maigret, Sophie Mas et Anne Berest, <em>How to be parisian wherever you are\u00a0: Love, Style, and bad habits<\/em>, 2014<\/li>\n<\/ul>\n<ul style=\"text-align: justify;\">\n<li><em>Recherche femme parfaite<\/em>, 2015<\/li>\n<li><em>Gabri\u00eble<\/em> (avec Claire Berest), 2017<\/li>\n<li><em>La Visite<\/em>, suivi de <em>Les Filles de nos filles<\/em>, 2020<\/li>\n<li><em>La Carte postale<\/em>, 2021<\/li>\n<\/ul>\n<p style=\"text-align: justify;\"><strong>Sc\u00e9nariste<\/strong><\/p>\n<ul style=\"text-align: justify;\">\n<li><em>Que d&rsquo;Amour\u00a0!<\/em> d&rsquo;apr\u00e8s Marivaux, t\u00e9l\u00e9film de Val\u00e9rie Donzelli diffus\u00e9 sur Arte en 2014 &#8211; co-sc\u00e9nariste.<\/li>\n<li><em>Paris Etc<\/em>., s\u00e9rie de Zabou Breitman diffus\u00e9 sur Canal + en 2017 &#8211; co-sc\u00e9nariste.<\/li>\n<li><em>Mytho (s\u00e9rie t\u00e9l\u00e9vis\u00e9e)<\/em>, s\u00e9rie de Fabrice Gobert, cr\u00e9\u00e9e par Anne Berest et Fabrice Gobert &#8211; sc\u00e9nariste.<\/li>\n<\/ul>\n<p style=\"text-align: justify;\"><strong>Prix et distinctions<\/strong><\/p>\n<ul>\n<li style=\"text-align: justify;\">Finaliste Prix de Flore 2012 pour <em>Les Patriarches<\/em><\/li>\n<li style=\"text-align: justify;\">Finaliste Prix Renaudot 2012 pour <em>Les Patriarches<\/em><\/li>\n<li style=\"text-align: justify;\">Prix de la meilleure s\u00e9rie de com\u00e9die en langue non anglaise au Festival international des m\u00e9dias de Banff en 2020.<\/li>\n<li style=\"text-align: justify;\">Festival S\u00e9ries Mania, 2019, Prix du Public pour Mytho (s\u00e9rie t\u00e9l\u00e9vis\u00e9e) r\u00e9alis\u00e9 par Fabrice Gobert.<\/li>\n<li style=\"text-align: justify;\">Prix de l&rsquo;H\u00e9ro\u00efne Madame Figaro 2018 dans la cat\u00e9gorie Essai pour <em>Gabri\u00eble<\/em> co-\u00e9crit avec Claire Berest.<\/li>\n<li style=\"text-align: justify;\">Prix Grands Destins du <em>Parisien week-end<\/em> 2018 pour <em>Gabri\u00eble<\/em> co-\u00e9crit avec Claire Berest.<\/li>\n<li style=\"text-align: justify;\">Prix Renaudot des Lyc\u00e9ens 2021 pour <em>La Carte postale<\/em><\/li>\n<li style=\"text-align: justify;\">S\u00e9lection Prix Goncourt 2021 pour <em>La Carte postale<\/em><\/li>\n<\/ul>\n","protected":false},"excerpt":{"rendered":"<p>Ce livre est \u00e0 la fois une enqu\u00eate, le roman de.<\/p>\n","protected":false},"author":3,"featured_media":9181,"comment_status":"open","ping_status":"closed","sticky":false,"template":"","format":"standard","meta":{"footnotes":""},"categories":[615],"tags":[],"jetpack_featured_media_url":"http:\/\/www.e-cartable.fr\/vasa-lecture\/wp-content\/uploads\/2022\/01\/La-carte-postale.jpg","_links":{"self":[{"href":"http:\/\/www.e-cartable.fr\/vasa-lecture\/wp-json\/wp\/v2\/posts\/9179"}],"collection":[{"href":"http:\/\/www.e-cartable.fr\/vasa-lecture\/wp-json\/wp\/v2\/posts"}],"about":[{"href":"http:\/\/www.e-cartable.fr\/vasa-lecture\/wp-json\/wp\/v2\/types\/post"}],"author":[{"embeddable":true,"href":"http:\/\/www.e-cartable.fr\/vasa-lecture\/wp-json\/wp\/v2\/users\/3"}],"replies":[{"embeddable":true,"href":"http:\/\/www.e-cartable.fr\/vasa-lecture\/wp-json\/wp\/v2\/comments?post=9179"}],"version-history":[{"count":0,"href":"http:\/\/www.e-cartable.fr\/vasa-lecture\/wp-json\/wp\/v2\/posts\/9179\/revisions"}],"wp:featuredmedia":[{"embeddable":true,"href":"http:\/\/www.e-cartable.fr\/vasa-lecture\/wp-json\/wp\/v2\/media\/9181"}],"wp:attachment":[{"href":"http:\/\/www.e-cartable.fr\/vasa-lecture\/wp-json\/wp\/v2\/media?parent=9179"}],"wp:term":[{"taxonomy":"category","embeddable":true,"href":"http:\/\/www.e-cartable.fr\/vasa-lecture\/wp-json\/wp\/v2\/categories?post=9179"},{"taxonomy":"post_tag","embeddable":true,"href":"http:\/\/www.e-cartable.fr\/vasa-lecture\/wp-json\/wp\/v2\/tags?post=9179"}],"curies":[{"name":"wp","href":"https:\/\/api.w.org\/{rel}","templated":true}]}}