{"id":9055,"date":"2021-11-26T17:19:06","date_gmt":"2021-11-26T16:19:06","guid":{"rendered":"http:\/\/www.e-cartable.fr\/vasa-lecture\/?p=9055"},"modified":"2021-12-13T11:24:19","modified_gmt":"2021-12-13T10:24:19","slug":"ledig-agnes-%e2%99%a6-la-toute-petite-reine-2","status":"publish","type":"post","link":"http:\/\/www.e-cartable.fr\/vasa-lecture\/ledig-agnes-%e2%99%a6-la-toute-petite-reine-2\/","title":{"rendered":"Ledig Agn\u00e8s &#x2666; La toute petite reine"},"content":{"rendered":"<p style=\"text-align: justify;\"><a href=\"http:\/\/www.e-cartable.fr\/vasa-lecture\/?attachment_id=9061\" rel=\"attachment wp-att-9061\"><img decoding=\"async\" loading=\"lazy\" class=\"alignright wp-image-9061\" src=\"http:\/\/www.e-cartable.fr\/vasa-lecture\/wp-content\/uploads\/2021\/10\/La-toute-petite-reine.jpg\" alt=\"\" width=\"207\" height=\"316\" srcset=\"http:\/\/www.e-cartable.fr\/vasa-lecture\/wp-content\/uploads\/2021\/10\/La-toute-petite-reine.jpg 600w, http:\/\/www.e-cartable.fr\/vasa-lecture\/wp-content\/uploads\/2021\/10\/La-toute-petite-reine-196x300.jpg 196w, http:\/\/www.e-cartable.fr\/vasa-lecture\/wp-content\/uploads\/2021\/10\/La-toute-petite-reine-220x337.jpg 220w\" sizes=\"(max-width: 207px) 100vw, 207px\" \/><\/a>Entre Obernai, Ottrott et le Mont Sainte-Odile, <strong><em>La\u00a0toute petite reine<\/em><\/strong> raconte la solitude face \u00e0 la catastrophe, nos choix face aux hasards de la vie, les rencontres inattendues pour gu\u00e9rir du malheur. Le septi\u00e8me roman d\u2019Agn\u00e8s Ledig. Son meilleur.<\/p>\n<p style=\"text-align: justify;\"><!--more-->Capucine et Adrien, deux ab\u00eem\u00e9s de la vie, se rencontrent, se cherchent (dans tous les sens du terme), se r\u00e9alisent. Ils acceptent aussi de l\u00e2cher prise \u00e0 un moment et de se laisser guider pour acc\u00e9der au bonheur.<\/p>\n<p style=\"text-align: justify;\">Adrien n\u2019est jamais tout \u00e0 fait revenu du Mali, du crash d\u2019h\u00e9licopt\u00e8re dont il n\u2019a \u00e9chapp\u00e9 que par miracle avec l\u2019aide de ses fr\u00e8res d\u2019armes. Reconverti en ma\u00eetre-chien, associ\u00e9 \u00e0 l\u2019hypersensible et si attachant compagnon \u00e0 quatre pattes Bloom, il reste, au fond de lui, ce \u00ab\u00a0magma sombre et flou\u00a0\u00bb qui reste tapi, refuse de le lib\u00e9rer. Il demeure cet homme qui s\u2019est retrouv\u00e9 \u00e0 terre quand toute faiblesse lui \u00e9tait jusqu\u2019alors interdite.<\/p>\n<p style=\"text-align: justify;\">Un matin, il est appel\u00e9 pour un colis suspect en gare de Strasbourg. Bloom, son chien hypersensible, va sentir le premier que les larmes de Capucine, venue r\u00e9cup\u00e9rer sa valise oubli\u00e9e, cachent en r\u00e9alit\u00e9 une bombe pr\u00eate \u00e0 exploser dans son c\u0153ur.<\/p>\n<p style=\"text-align: justify;\">Hasard ou coup de pouce du destin, ils se retrouvent quelques jours plus tard dans la salle d&rsquo;attente d&rsquo;un couple de psychiatres. D\u00e8s lors, Adrien n&rsquo;a de cesse de d\u00e9couvrir l&rsquo;histoire que porte cette jeune femme.<\/p>\n<p style=\"text-align: justify;\">D\u00e9nouant les fils de leur existence, cette rencontre pourrait bien prendre une tournure inattendue et leur permettre de faire la paix avec leur pass\u00e9 afin d&rsquo;imaginer \u00e0 nouveau l&rsquo;avenir.<\/p>\n<p>&nbsp;<\/p>\n<p style=\"text-align: justify;\"><strong>L&rsquo;auteur :<\/strong><\/p>\n<p style=\"text-align: justify;\"><strong><a href=\"http:\/\/www.e-cartable.fr\/vasa-lecture\/?attachment_id=6127\" rel=\"attachment wp-att-6127\"><img decoding=\"async\" loading=\"lazy\" class=\"alignleft wp-image-6127\" src=\"http:\/\/www.e-cartable.fr\/vasa-lecture\/wp-content\/uploads\/2017\/06\/Agn\u00e8s-Ledig.jpg\" alt=\"\" width=\"370\" height=\"247\" srcset=\"http:\/\/www.e-cartable.fr\/vasa-lecture\/wp-content\/uploads\/2017\/06\/Agn\u00e8s-Ledig.jpg 500w, http:\/\/www.e-cartable.fr\/vasa-lecture\/wp-content\/uploads\/2017\/06\/Agn\u00e8s-Ledig-300x200.jpg 300w, http:\/\/www.e-cartable.fr\/vasa-lecture\/wp-content\/uploads\/2017\/06\/Agn\u00e8s-Ledig-220x147.jpg 220w\" sizes=\"(max-width: 370px) 100vw, 370px\" \/><\/a>Agn\u00e8s Ledig<\/strong> est n\u00e9e en 1972 \u00e0 Strasbourg de parents instituteurs. Tomb\u00e9e dans les livres quand elle \u00e9tait petite, elle engage cependant des \u00e9tudes scientifiques.<\/p>\n<p style=\"text-align: justify;\">Apr\u00e8s une exp\u00e9rience en agronomie et la vente de v\u00eatements en coton bio, elle d\u00e9cide d\u2019int\u00e9grer l\u2019\u00e9cole de sages-femmes de Strasbourg, pour \u00ab\u00a0prendre soin\u00a0\u00bb des autres \u2013 son verbe de vie.<\/p>\n<p style=\"text-align: justify;\">Elle est l&rsquo;\u00e9pouse depuis 20 ans d&rsquo;un agriculteur normand et la m\u00e8re de trois enfants (dont Nathana\u00ebl). Elle est dipl\u00f4m\u00e9e de la facult\u00e9 de m\u00e9decine de Strasbourg et sp\u00e9cialis\u00e9e en suivi gyn\u00e9cologique de pr\u00e9vention et contraception, ainsi qu\u2019en accompagnement \u00e9motionnel. Elle a \u00e9t\u00e9 avant tout sage-femme lib\u00e9rale en Alsace jusqu\u2019en 2015.<\/p>\n<p style=\"text-align: justify;\">Elle commence \u00e0 \u00e9crire en 2005, pendant la maladie de son fils Nathana\u00ebl, souffrant d&rsquo;une leuc\u00e9mie. Elle a toujours aim\u00e9 \u00e9crire. Des po\u00e8mes \u00e0 vingt ans, une petite fanzine pour les \u00e9tudiants de ma promotion\u2026<\/p>\n<p style=\"text-align: justify;\">Pour r\u00e9pondre aux questions que posaient tous ceux qui se pr\u00e9occupaient de Nathana\u00ebl, elle a tenu un bulletin hebdomadaire pour informer son entourage de l&rsquo;\u00e9volution de l&rsquo;\u00e9tat de sant\u00e9 de son fils. Des pages et des pages de doutes, d\u2019espoirs, de rires, de larmes, de petites joies partag\u00e9es et de courage\u2026 celui d\u2019un petit gar\u00e7on de 5 ans\u2026 Cette amoureuse des mots t\u00e9moigne des bonheurs \u00e9ph\u00e9m\u00e8res et des souffrances durables, sans jamais se d\u00e9partir de cet humour et de ce sens de la d\u00e9rision qui l&rsquo;\u00e9l\u00e8vent \u00e0 la hauteur du comportement de son petit gar\u00e7on, \u00abtellement joyeux, tellement courageux\u00bb<\/p>\n<p style=\"text-align: justify;\">Touch\u00e9 par ces textes le professeur du service qui le suit sugg\u00e8re \u00e0 Agn\u00e8s Ledig de ne pas \u00ab\u00a0laisser \u00e7a dans un tiroir\u00a0\u00bb et l&rsquo;encourage \u00e0 \u00e9crire.<\/p>\n<p style=\"text-align: justify;\">Quand il est parti, du courage, il m\u2019en a fallu pour sortir la t\u00eate de l\u2019eau, mais je lui avais promis\u2026 alors j\u2019ai \u00e9crit ce que j\u2019avais au fond du c\u0153ur\u2026 J\u2019ai aim\u00e9 \u00e9crire, et je ne me suis plus jamais arr\u00eat\u00e9e\u2026<\/p>\n<p style=\"text-align: justify;\">En 2010, \u00e0 37 ans, elle participe sur internet \u00e0 un concours organis\u00e9 par le magazine <em>Femme actuelle<\/em>. Sur 600 manuscrits, celui de <em>Marie d&rsquo;en haut <\/em>est retenu et publi\u00e9.<\/p>\n<p style=\"text-align: justify;\">En 2011, <em>Marie d\u2019en haut<\/em> est s\u00e9lectionn\u00e9e pour \u00eatre le coup de c\u0153ur des lectrices du prix Femme actuelle. Premier roman \u00e9dit\u00e9. Succ\u00e8s national. Grande \u00e9motion.<\/p>\n<p style=\"text-align: justify;\">Quatre mois plus tard, elle est contact\u00e9e par Albin Michel\u2026 Elle propose <em>Juste avant le bonheur<\/em>, qui sort en mai 2013. Il obtient quelques semaines apr\u00e8s le prix \u201cMaison de la presse\u201d et atteint en 1 an plus de 130\u00a0000 ventes. Incroyable\u2026<\/p>\n<p style=\"text-align: justify;\">Elle publie ensuite quatre romans chez Albin Michel avant de rejoindre les \u00e9ditions Flammarion en 2020 chez qui elle publie son septi\u00e8me roman <em>Se le dire enfin<\/em>.<\/p>\n<p style=\"text-align: justify;\">En 2016, elle publie son premier album jeunesse, <em>Le petit arbre qui voulait devenir un nuage<\/em>, illustr\u00e9 par Fr\u00e9d\u00e9ric Pillot, qui illustrera \u00e9galement son deuxi\u00e8me album <em>Le cimeti\u00e8re des mots doux.<\/em> Ce dernier aborde le th\u00e8me du deuil \u00e0 hauteur d&rsquo;enfant.<\/p>\n<p style=\"text-align: justify;\">Depuis novembre 2018, elle s\u2019est engag\u00e9e comme \u00ab\u00a0ambassadonneuse\u00a0\u00bb aupr\u00e8s de l\u2019\u00e9tablissement fran\u00e7ais du sang afin de promouvoir le don de sang envers le grand public.<\/p>\n<p style=\"text-align: justify;\">En d\u00e9cembre 2018, elle est la marraine du 1er salon du livre de Poche d&rsquo;Angoul\u00eame aux c\u00f4t\u00e9s de Philippe Besson.<\/p>\n<p style=\"text-align: justify;\">Agn\u00e8s a \u00e9t\u00e9 <strong>Pr\u00e9sidente du 50e Prix des Maison de la presse<\/strong> qui s\u2019est d\u00e9roul\u00e9 au Minist\u00e8re de la culture en mai 2019.<\/p>\n<p style=\"text-align: justify;\">En moins de cinq ans, Agn\u00e8s Ledig s&rsquo;est impos\u00e9e comme l&rsquo;une des romanci\u00e8res fran\u00e7aises les plus aim\u00e9es du grand public. Ses trois best-sellers, \u00ab\u00a0Juste avant le bonheur\u00a0\u00bb (2013), prix Maison de la Presse 2013, \u00ab\u00a0Pars avec lui\u00a0\u00bb (2014) et \u00ab\u00a0On regrettera plus tard\u00a0\u00bb (2016) sont aujourd&rsquo;hui traduits en 12 langues.<\/p>\n<p style=\"text-align: justify;\"><strong>Bibliographie\u00a0:<\/strong><\/p>\n<p style=\"text-align: justify;\"><strong>\u00a0\u00a0\u00a0\u00a0\u00a0\u00a0\u00a0\u00a0 Romans\u00a0:<\/strong><\/p>\n<p style=\"text-align: justify;\">\u00a0\u00a0\u00a0\u00a0\u00a0\u00a0\u00a0\u00a0\u00a0\u00a0\u00a0 &#8211; 2011\u00a0: <em>Marie d&rsquo;en haut<\/em> est publi\u00e9 aux Nouveaux Auteurs et remporte le prix \u00ab\u00a0coup de c\u0153ur des lectrices\u00a0\u00bb du roman <em>Femme Actuelle<\/em> 2011. Il se vend \u00e0 15 000 exemplaires et pourrait \u00eatre port\u00e9 \u00e0 l&rsquo;\u00e9cran par Sandrine Bonnaire.<\/p>\n<p style=\"text-align: justify;\">\u00a0\u00a0\u00a0\u00a0\u00a0\u00a0\u00a0\u00a0\u00a0\u00a0\u00a0 &#8211; 2013\u00a0: <em>Juste avant le bonheur<\/em> est publi\u00e9 chez Albin Michel et re\u00e7oit le prix Maison de la Presse.<\/p>\n<p style=\"text-align: justify;\">\u00a0\u00a0\u00a0\u00a0\u00a0\u00a0\u00a0\u00a0\u00a0\u00a0\u00a0 &#8211; 2014\u00a0: <em>Pars avec lui<\/em>, Albin Michel.<\/p>\n<p style=\"text-align: justify;\">\u00a0\u00a0\u00a0\u00a0\u00a0\u00a0\u00a0\u00a0\u00a0\u00a0\u00a0 &#8211; 2016\u00a0: <em>On regrettera plus tard<\/em>, Albin Michel.<\/p>\n<p style=\"text-align: justify;\">\u00a0\u00a0\u00a0\u00a0\u00a0\u00a0\u00a0\u00a0\u00a0\u00a0\u00a0 &#8211; 2017\u00a0: <em>De tes nouvelles<\/em>, Albin Michel<\/p>\n<p style=\"text-align: justify;\">\u00a0\u00a0\u00a0\u00a0\u00a0\u00a0\u00a0\u00a0\u00a0\u00a0\u00a0 &#8211; 2018\u00a0: <em>Dans le murmure des feuilles qui dansent<\/em>, Albin Michel<\/p>\n<p style=\"text-align: justify;\">\u00a0\u00a0\u00a0\u00a0\u00a0\u00a0\u00a0\u00a0\u00a0\u00a0\u00a0 &#8211; 2020\u00a0: <em>Se le dire enfin, <\/em>Flammarion<\/p>\n<p style=\"text-align: justify;\">\u00a0\u00a0\u00a0\u00a0\u00a0\u00a0\u00a0\u00a0\u00a0\u00a0\u00a0 &#8211; 2021\u00a0: <em>La toute petite reine<\/em><\/p>\n<p style=\"text-align: justify;\"><strong>\u00a0<\/strong><\/p>\n<p style=\"text-align: justify;\"><strong>Jeunesse\u00a0:<\/strong><\/p>\n<p style=\"text-align: justify;\">\u00a0\u00a0\u00a0\u00a0\u00a0\u00a0\u00a0\u00a0\u00a0\u00a0\u00a0 &#8211; <em>Le Petit arbre qui voulait devenir un nuage,<\/em> Albin Michel \u2013 2017<\/p>\n<p style=\"text-align: justify;\">\u00a0\u00a0\u00a0\u00a0\u00a0\u00a0\u00a0\u00a0\u00a0\u00a0\u00a0 &#8211; <em>Le Cimeti\u00e8re des mots doux,<\/em> Albin Michel \u2013 2019<\/p>\n<p style=\"text-align: justify;\"><strong>\u00a0<\/strong><\/p>\n<p style=\"text-align: justify;\"><strong>Nouvelles\u00a0:<\/strong><\/p>\n<p style=\"text-align: justify;\">\u00a0\u00a0\u00a0\u00a0\u00a0\u00a0\u00a0\u00a0\u00a0\u00a0\u00a0 &#8211; <em>Un petit morceau de pain <\/em>\u2013 dans le livre \u00ab\u00a0Treize \u00e0 table\u00a0\u00bb &#8211; 2014 &#8211;<\/p>\n<p style=\"text-align: justify;\">\u00a0\u00a0\u00a0\u00a0\u00a0\u00a0\u00a0\u00a0\u00a0\u00a0\u00a0 &#8211; <em>Karen et moi &#8211; <\/em>\u00a0dans le livre \u00ab\u00a0Treize \u00e0 table\u00a0\u00bb &#8211; 2016 &#8211;<\/p>\n<p style=\"text-align: justify;\">\u00a0\u00a0\u00a0\u00a0\u00a0\u00a0\u00a0\u00a0\u00a0\u00a0\u00a0 &#8211; <em>Je te donne \u2013 <\/em>3 histoires d\u2019amour dans un recueil collectif &#8211; 2016 &#8211;<\/p>\n<p style=\"text-align: justify;\">\u00a0\u00a0\u00a0\u00a0\u00a0\u00a0\u00a0\u00a0\u00a0\u00a0\u00a0 &#8211; <em>Le soleil devrait \u00eatre au rendez-vous dimanche &#8211; <\/em>\u00a0dans le livre \u00ab\u00a0Treize \u00e0 table\u00a0\u00bb &#8211; 2017 \u2013<\/p>\n<p style=\"text-align: justify;\">\u00a0\u00a0\u00a0\u00a0\u00a0\u00a0\u00a0\u00a0\u00a0\u00a0\u00a0 &#8211; <em>Le soleil devrait \u00eatre au rendez-vous dimanche <\/em>&#8211; 2017 \u2013<\/p>\n<p style=\"text-align: justify;\">\u00a0\u00a0\u00a0\u00a0\u00a0\u00a0\u00a0\u00a0\u00a0\u00a0\u00a0 &#8211; <em>Compter les couleurs<\/em> \u2013 Pr\u00e9face du roman <em>\u00ab\u00a0Se le dire enfin\u00a0\u00bb<\/em> &#8211; 2019<\/p>\n<p style=\"text-align: justify;\"><strong>\u00a0<\/strong><\/p>\n<p style=\"text-align: justify;\"><strong>Divers\u00a0:<\/strong><\/p>\n<p style=\"text-align: justify;\">\u00a0\u00a0\u00a0\u00a0\u00a0\u00a0\u00a0\u00a0\u00a0\u00a0\u00a0 &#8211; <em>Mon guide gyn\u00e9co. Devenir actrice de sa sant\u00e9 <\/em>&#8211; 2016 &#8211;<\/p>\n<p style=\"text-align: justify;\">\u00a0\u00a0\u00a0\u00a0\u00a0\u00a0\u00a0\u00a0\u00a0\u00a0\u00a0 &#8211; <em>l\u2019esprit Papillon. D\u00e9ployez vos ailes et gagnez en l\u00e9g\u00e8ret\u00e9 <\/em>&#8211; 2016 &#8211;<\/p>\n","protected":false},"excerpt":{"rendered":"<p>Entre Obernai, Ottrott et le Mont Sainte-Odile, La\u00a0toute petite reine raconte.<\/p>\n","protected":false},"author":3,"featured_media":9061,"comment_status":"open","ping_status":"closed","sticky":false,"template":"","format":"standard","meta":{"footnotes":""},"categories":[609],"tags":[392],"jetpack_featured_media_url":"http:\/\/www.e-cartable.fr\/vasa-lecture\/wp-content\/uploads\/2021\/10\/La-toute-petite-reine.jpg","_links":{"self":[{"href":"http:\/\/www.e-cartable.fr\/vasa-lecture\/wp-json\/wp\/v2\/posts\/9055"}],"collection":[{"href":"http:\/\/www.e-cartable.fr\/vasa-lecture\/wp-json\/wp\/v2\/posts"}],"about":[{"href":"http:\/\/www.e-cartable.fr\/vasa-lecture\/wp-json\/wp\/v2\/types\/post"}],"author":[{"embeddable":true,"href":"http:\/\/www.e-cartable.fr\/vasa-lecture\/wp-json\/wp\/v2\/users\/3"}],"replies":[{"embeddable":true,"href":"http:\/\/www.e-cartable.fr\/vasa-lecture\/wp-json\/wp\/v2\/comments?post=9055"}],"version-history":[{"count":0,"href":"http:\/\/www.e-cartable.fr\/vasa-lecture\/wp-json\/wp\/v2\/posts\/9055\/revisions"}],"wp:featuredmedia":[{"embeddable":true,"href":"http:\/\/www.e-cartable.fr\/vasa-lecture\/wp-json\/wp\/v2\/media\/9061"}],"wp:attachment":[{"href":"http:\/\/www.e-cartable.fr\/vasa-lecture\/wp-json\/wp\/v2\/media?parent=9055"}],"wp:term":[{"taxonomy":"category","embeddable":true,"href":"http:\/\/www.e-cartable.fr\/vasa-lecture\/wp-json\/wp\/v2\/categories?post=9055"},{"taxonomy":"post_tag","embeddable":true,"href":"http:\/\/www.e-cartable.fr\/vasa-lecture\/wp-json\/wp\/v2\/tags?post=9055"}],"curies":[{"name":"wp","href":"https:\/\/api.w.org\/{rel}","templated":true}]}}