{"id":8148,"date":"2020-08-06T17:31:17","date_gmt":"2020-08-06T16:31:17","guid":{"rendered":"http:\/\/www.e-cartable.fr\/vasa-lecture\/?p=8148"},"modified":"2020-08-06T17:31:17","modified_gmt":"2020-08-06T16:31:17","slug":"pitz-stephanie-%e2%99%a6-lombre-de-lile","status":"publish","type":"post","link":"http:\/\/www.e-cartable.fr\/vasa-lecture\/pitz-stephanie-%e2%99%a6-lombre-de-lile\/","title":{"rendered":"PITZ St\u00e9phanie &#x2666; L&rsquo;ombre de l&rsquo;\u00eele"},"content":{"rendered":"<p style=\"text-align: justify;\"><em><a href=\"http:\/\/www.e-cartable.fr\/vasa-lecture\/?attachment_id=8145\" rel=\"attachment wp-att-8145\"><img decoding=\"async\" loading=\"lazy\" class=\"alignright wp-image-8145\" src=\"http:\/\/www.e-cartable.fr\/vasa-lecture\/wp-content\/uploads\/2020\/08\/Lombre-de-l\u00eele.jpg\" alt=\"\" width=\"199\" height=\"322\" srcset=\"http:\/\/www.e-cartable.fr\/vasa-lecture\/wp-content\/uploads\/2020\/08\/Lombre-de-l\u00eele.jpg 495w, http:\/\/www.e-cartable.fr\/vasa-lecture\/wp-content\/uploads\/2020\/08\/Lombre-de-l\u00eele-186x300.jpg 186w, http:\/\/www.e-cartable.fr\/vasa-lecture\/wp-content\/uploads\/2020\/08\/Lombre-de-l\u00eele-220x356.jpg 220w\" sizes=\"(max-width: 199px) 100vw, 199px\" \/><\/a>\u00ab\u00a0L\u2019ombre de l\u2019\u00eele\u00a0\u00bb<\/em> est un thriller psychologique bien men\u00e9, une r\u00e9flexion sur les bonnes intentions qui finalement inspirent une ambiance de m\u00e9fiance &#8230; L&rsquo;enfer est pav\u00e9 de bonnes intentions dit-on.\u00a0Un groupe constitu\u00e9 uniquement d&rsquo;\u00e2mes traumatis\u00e9es peut-il poursuivre sa route sans encombre?<\/p>\n<p style=\"text-align: justify;\"><!--more-->Le fait \u00e9galement d&rsquo;avoir un meneur, un pr\u00e9sident, un chef, concoure in\u00e9vitablement \u00e0 un rapport de dominant-domin\u00e9 malsain.<\/p>\n<p style=\"text-align: justify;\">Accepter un poste d\u2019enseignante sur l\u2019\u00eele de \u00ab\u00a0La Sauvegarde\u00a0\u00bb. L\u2019id\u00e9e s\u00e9duit Th\u00e9a autant qu\u2019elle l\u2019effraie. Sur cette \u00eele, vit une communaut\u00e9 de personnes rescap\u00e9e de l\u2019enfer et tri\u00e9e sur le volet,\u00a0 ayant souffert de pertes dans leurs vies, et cr\u00e9e par le millionnaire Cao Pham ayant subi la mort de son plus jeune fils de fa\u00e7on atroce. La famille Pham, r\u00eave alors d\u2019un monde serein. Elle d\u00e9cide de vivre recluse, loin de la violence du continent. Peu \u00e0 peu, d&rsquo;autres rescap\u00e9s de la vie ont \u00e9t\u00e9 autoris\u00e9es \u00e0 s&rsquo;y installer. Ils forment d\u00e9sormais une sorte de communaut\u00e9, vivent en autarcie, dans une sorte de cocon, prenant garde au moindre potentiel danger, o\u00f9 les contacts avec l&rsquo;ext\u00e9rieur, bien qu&rsquo;ils soient autoris\u00e9s, se font de plus en plus rares. Pas d&rsquo;alcool dangereux pour la sant\u00e9, pas de voitures qui polluent, les d\u00e9placements se font \u00e0 pied ou \u00e0 v\u00e9lo, des l\u00e9gumes et fruits bio&#8230;Un monde qui a tout l&rsquo;air d&rsquo;\u00eatre idyllique, mais l&rsquo;est-il vraiment ? C&rsquo;est son petit-fils Max, qui en est \u00e0 la t\u00eate aujourd&rsquo;hui.<\/p>\n<p style=\"text-align: justify;\">Apr\u00e8s le combat qu&rsquo;elle a men\u00e9, en vain, contre la fermeture de son \u00e9cole, et qui a fait qu\u2019elle a perdu son emploi, elle n&rsquo;a gu\u00e8re le choix que d&rsquo;accepter \u00e9tant donn\u00e9 sa situation financi\u00e8re. Comme elle ne voit que tr\u00e8s peu ses parents, et n&rsquo;a pas d&rsquo;amis donc aucune attache sur le continent, elle d\u00e9cide d&rsquo;y aller. M\u00eame si partir aussi loin lui fait un peu peur.<\/p>\n<p style=\"text-align: justify;\">Elle est recrut\u00e9e par Max Pham. Elle doit \u00e9galement travailler comme nourrice de Magda, une fillette de 7 ans, dont la m\u00e8re est d\u00e9c\u00e9d\u00e9e en la mettant au monde. Un lien tr\u00e8s fort se noue imm\u00e9diatement entre Th\u00e9a et l\u2019enfant, renforc\u00e9 par l&rsquo;animosit\u00e9 d&rsquo;Emmy, la gouvernante, envers la fillette.<\/p>\n<p style=\"text-align: justify;\">Elle se familiarise peu \u00e0 peu avec le fonctionnement quelque peu \u00e9trange de l&rsquo;\u00eele, mais conna\u00eet des moments de malaise diffus, des non-dits, qui la font commencer \u00e0 rechercher ce qu&rsquo;il se passe vraiment dans ce qui est cens\u00e9 \u00eatre un havre de paix. Plus elle passe de temps sur cette \u00eele et plus elle se pose des questions au sujet de certains habitants et des \u00e9v\u00e8nements qui s&rsquo;y sont d\u00e9roul\u00e9s. Pourquoi l\u2019a-t-on choisie elle plut\u00f4t qu\u2019une autre ? Certes, elle a elle-m\u00eame un pass\u00e9 douloureux, mais n&rsquo;a jamais demand\u00e9 \u00e0 venir sur cette \u00eele et le crit\u00e8re de petite \u00e9cole avec des enfants d&rsquo;\u00e2ges diff\u00e9rents par classe lui semble l\u00e9ger.<\/p>\n<p style=\"text-align: justify;\">Max Pham a beau avoir toujours \u00e9t\u00e9 courtois depuis son arriv\u00e9e, elle s&rsquo;interroge sur ce qui se passe dans sa demeure. Elle est intrigu\u00e9e par les disparitions de Nancy, la maman de Magda, et d&rsquo;Agatha, la s\u0153ur de Max. Qui \u00e9tait Agatha, la s\u0153ur de Max\u00a0? Ayant sombr\u00e9 dans la folie, elle aurait mis le feu \u00e0 la gentilhommi\u00e8re, puis aurait disparu? Qui \u00e9tait Nancy, la femme de Max et morte en mettant au monde Magda?<\/p>\n<p style=\"text-align: justify;\">Pendant qu&rsquo;elle cherche \u00e0 d\u00e9couvrir les sombres secrets de cette famille, le lecteur cherche \u00e0 d\u00e9couvrir ceux de Th\u00e9a, qui n&rsquo;a bien \u00e9videmment pas \u00e9t\u00e9 recrut\u00e9e par hasard&#8230;<\/p>\n<p style=\"text-align: justify;\">\n<p style=\"text-align: justify;\">\n<p style=\"text-align: justify;\"><strong>L&rsquo;auteur :<\/strong><\/p>\n<p style=\"text-align: justify;\"><strong><a href=\"http:\/\/www.e-cartable.fr\/vasa-lecture\/?attachment_id=8147\" rel=\"attachment wp-att-8147\"><img decoding=\"async\" loading=\"lazy\" class=\"alignleft wp-image-8147\" src=\"http:\/\/www.e-cartable.fr\/vasa-lecture\/wp-content\/uploads\/2020\/08\/St\u00e9phanie-Pitz.jpg\" alt=\"\" width=\"231\" height=\"264\" srcset=\"http:\/\/www.e-cartable.fr\/vasa-lecture\/wp-content\/uploads\/2020\/08\/St\u00e9phanie-Pitz.jpg 520w, http:\/\/www.e-cartable.fr\/vasa-lecture\/wp-content\/uploads\/2020\/08\/St\u00e9phanie-Pitz-262x300.jpg 262w, http:\/\/www.e-cartable.fr\/vasa-lecture\/wp-content\/uploads\/2020\/08\/St\u00e9phanie-Pitz-220x252.jpg 220w\" sizes=\"(max-width: 231px) 100vw, 231px\" \/><\/a>St\u00e9phanie Pitz,<\/strong> n\u00e9e en d\u00e9cembre 1973 \u00e0 Bruxelles, est licenci\u00e9e et agr\u00e9g\u00e9e en philosophie romane.<\/p>\n<p style=\"text-align: justify;\"><em>Apr\u00e8s avoir obtenu une licence et une agr\u00e9gation en philologie romane, elle a, entre autres, enseign\u00e9 durant quelques ann\u00e9es avant de devenir directrice d\u2019une \u00e9cole de promotion sociale \u00e0 Molenbeek (il s\u2019agit de cours du soir pour adultes).<\/em><\/p>\n<p style=\"text-align: justify;\">Elle donne durant plusieurs ann\u00e9es de cours de fran\u00e7ais et de communication dans l&rsquo;enseignement sup\u00e9rieur.<\/p>\n<p style=\"text-align: justify;\">Depuis 2009, elle dirige l&rsquo;Institut Machtens, une \u00e9cole de promotion sociale \u00e0 Molenbeek-Saint-Jean.<\/p>\n<p style=\"text-align: justify;\">Elle a deux enfants et vit actuellement \u00e0 Bruxelles apr\u00e8s une parenth\u00e8se d&rsquo;un an \u00e0 l&rsquo;\u00cele Maurice.<\/p>\n","protected":false},"excerpt":{"rendered":"<p>\u00ab\u00a0L\u2019ombre de l\u2019\u00eele\u00a0\u00bb est un thriller psychologique bien men\u00e9, une r\u00e9flexion.<\/p>\n","protected":false},"author":3,"featured_media":8145,"comment_status":"open","ping_status":"closed","sticky":false,"template":"","format":"standard","meta":{"footnotes":""},"categories":[552],"tags":[558],"jetpack_featured_media_url":"http:\/\/www.e-cartable.fr\/vasa-lecture\/wp-content\/uploads\/2020\/08\/Lombre-de-l\u00eele.jpg","_links":{"self":[{"href":"http:\/\/www.e-cartable.fr\/vasa-lecture\/wp-json\/wp\/v2\/posts\/8148"}],"collection":[{"href":"http:\/\/www.e-cartable.fr\/vasa-lecture\/wp-json\/wp\/v2\/posts"}],"about":[{"href":"http:\/\/www.e-cartable.fr\/vasa-lecture\/wp-json\/wp\/v2\/types\/post"}],"author":[{"embeddable":true,"href":"http:\/\/www.e-cartable.fr\/vasa-lecture\/wp-json\/wp\/v2\/users\/3"}],"replies":[{"embeddable":true,"href":"http:\/\/www.e-cartable.fr\/vasa-lecture\/wp-json\/wp\/v2\/comments?post=8148"}],"version-history":[{"count":0,"href":"http:\/\/www.e-cartable.fr\/vasa-lecture\/wp-json\/wp\/v2\/posts\/8148\/revisions"}],"wp:featuredmedia":[{"embeddable":true,"href":"http:\/\/www.e-cartable.fr\/vasa-lecture\/wp-json\/wp\/v2\/media\/8145"}],"wp:attachment":[{"href":"http:\/\/www.e-cartable.fr\/vasa-lecture\/wp-json\/wp\/v2\/media?parent=8148"}],"wp:term":[{"taxonomy":"category","embeddable":true,"href":"http:\/\/www.e-cartable.fr\/vasa-lecture\/wp-json\/wp\/v2\/categories?post=8148"},{"taxonomy":"post_tag","embeddable":true,"href":"http:\/\/www.e-cartable.fr\/vasa-lecture\/wp-json\/wp\/v2\/tags?post=8148"}],"curies":[{"name":"wp","href":"https:\/\/api.w.org\/{rel}","templated":true}]}}