{"id":7154,"date":"2018-09-04T07:47:41","date_gmt":"2018-09-04T06:47:41","guid":{"rendered":"http:\/\/www.e-cartable.fr\/vasa-lecture\/?p=7154"},"modified":"2018-09-04T07:48:32","modified_gmt":"2018-09-04T06:48:32","slug":"aubenque-alexis-%e2%99%a6-canyon-creek","status":"publish","type":"post","link":"http:\/\/www.e-cartable.fr\/vasa-lecture\/aubenque-alexis-%e2%99%a6-canyon-creek\/","title":{"rendered":"Aubenque Alexis &#x2666; Canyon Creek"},"content":{"rendered":"<p style=\"text-align: justify;\"><a href=\"http:\/\/www.e-cartable.fr\/vasa-lecture\/?attachment_id=7150\" rel=\"attachment wp-att-7150\"><img decoding=\"async\" loading=\"lazy\" class=\"alignright wp-image-7150 \" src=\"http:\/\/www.e-cartable.fr\/vasa-lecture\/wp-content\/uploads\/2018\/09\/Canyon-Creek.jpg\" alt=\"\" width=\"136\" height=\"227\" srcset=\"http:\/\/www.e-cartable.fr\/vasa-lecture\/wp-content\/uploads\/2018\/09\/Canyon-Creek.jpg 210w, http:\/\/www.e-cartable.fr\/vasa-lecture\/wp-content\/uploads\/2018\/09\/Canyon-Creek-180x300.jpg 180w\" sizes=\"(max-width: 136px) 100vw, 136px\" \/><\/a>Canyon Creek, petite ville tranquille de l&rsquo;Ouest am\u00e9ricain qui tient son nom du canyon qui la borde, est en proie \u00e0 une succession de crimes de jeunes filles latino-am\u00e9ricaines, viol\u00e9es, tu\u00e9es et jet\u00e9es du haut de la falaise <!--more-->surplombant le canyon. Personne ne s\u2019inqui\u00e8te de ces cas, ce sont juste des latinos, probablement des immigr\u00e9es, des prostitu\u00e9es assassin\u00e9es par un client m\u00e9content.<\/p>\n<p style=\"text-align: justify;\">Une jeune latino-am\u00e9ricaine vient d&rsquo;\u00eatre balanc\u00e9e du haut de la falaise. C&rsquo;est le quatri\u00e8me meurtre en seulement deux ans. Rien ne relie ce meurtre \u00e0 celui des autres jeunes filles retrouv\u00e9es ces derniers mois. Mais rien n&rsquo;indique le contraire.<\/p>\n<p style=\"text-align: justify;\">La sergente Suzie McNeill est persuad\u00e9e qu&rsquo;il s\u2019agit d&rsquo;un tueur en s\u00e9rie, contrairement au chef de la police locale qui n&rsquo;y voit qu&rsquo;une simple co\u00efncidence statistique et se refuse \u00e0 appeler le FBI pour tirer la situation au clair.<\/p>\n<p style=\"text-align: justify;\">Avec l&rsquo;aide du lieutenant Jack Spencer, elle est pr\u00eate \u00e0 d\u00e9passer les limites du r\u00e8glement pour prouver ses th\u00e9ories et arr\u00eater le d\u00e9traqu\u00e9 qui s\u00e9vit dans sa ville.<\/p>\n<p style=\"text-align: justify;\">Mais c&rsquo;est un but qui sera difficile \u00e0 atteindre alors que revient dans sa vie Dale Turner, un homme au pass\u00e9 myst\u00e9rieux, tout juste sorti du coma, amn\u00e9sique apr\u00e8s avoir chut\u00e9 le long d&rsquo;une ravine un mois plus t\u00f4t. Il se r\u00e9veille dans un h\u00f4pital. Il ne sait pas ce qu\u2019il fait l\u00e0, il ne sait plus qui il est. Il n\u2019est pas \u00e9mu, il est plut\u00f4t effray\u00e9 par cette jeune femme qui veut l\u2019enlacer tout en d\u00e9clarant qu\u2019elle est sa fianc\u00e9e. Seule sa psychologue Karen Meadow arrive \u00e0 l\u2019apaiser. Combien de temps lui faudra-t-il pour retrouver ses souvenirs ? Petit \u00e0 petit, il va d\u00e9couvrir son pass\u00e9, celui d\u2019un homme qui ne lui plait plus. Est-il cet homme si parfait qu\u2019on lui d\u00e9crit ? Retourner vivre aupr\u00e8s de cette jolie inconnue, cela lui semble au-dessus de ses forces. Et il y a cette image qui le hante, ce visage de femme effray\u00e9e qui crie\u2026 Il va aussi interf\u00e9rer avec l\u2019enqu\u00eate sur les meurtres des jeunes filles latinos.<\/p>\n<p style=\"text-align: justify;\"><em>Doit-on payer pour des crimes dont on ne se souvient plus? Doit-on tenter de ranimer les braises d\u2019une fougue juv\u00e9nile ou au contraire l\u2019enterrer \u00e0 jamais?<\/em><\/p>\n<blockquote>\n<p style=\"text-align: justify;\"><em>Canyon Creek peut \u00eatre vu comme un roman de suspense ou un thriller mais c\u2019est aussi un v\u00e9ritable outil de r\u00e9flexion sur la condition de vie des mexicains clandestins (du trafic d\u2019\u00eatres humains). Il nous montre aussi un racisme latent : un policier noir a \u00e9t\u00e9 nomm\u00e9 mais si on ouvre les yeux et les oreilles que le fait Suzie on d\u00e9couvre combien cet individu est consid\u00e9r\u00e9 comme un sous-homme.<\/em><\/p>\n<\/blockquote>\n<p style=\"text-align: justify;\"><strong>L&rsquo;auteur :<\/strong><\/p>\n<p style=\"text-align: justify;\"><strong><a href=\"http:\/\/www.e-cartable.fr\/vasa-lecture\/?attachment_id=5623\" rel=\"attachment wp-att-5623\"><img decoding=\"async\" loading=\"lazy\" class=\"alignleft wp-image-5623\" src=\"http:\/\/www.e-cartable.fr\/vasa-lecture\/wp-content\/uploads\/2016\/10\/Alexis-Aubenque.jpg\" alt=\"\" width=\"243\" height=\"286\" srcset=\"http:\/\/www.e-cartable.fr\/vasa-lecture\/wp-content\/uploads\/2016\/10\/Alexis-Aubenque.jpg 600w, http:\/\/www.e-cartable.fr\/vasa-lecture\/wp-content\/uploads\/2016\/10\/Alexis-Aubenque-255x300.jpg 255w, http:\/\/www.e-cartable.fr\/vasa-lecture\/wp-content\/uploads\/2016\/10\/Alexis-Aubenque-220x259.jpg 220w\" sizes=\"(max-width: 243px) 100vw, 243px\" \/><\/a>Alexis Aubenque<\/strong> est un auteur fran\u00e7ais de thriller et de science-fiction, n\u00e9 le 23 d\u00e9cembre 1970 \u00e0 Montpellier.<\/p>\n<p style=\"text-align: justify;\">Apr\u00e8s une ma\u00eetrise en sciences \u00e9conomiques, il d\u00e9cide de changer radicalement de cap, et se tourne vers l\u2019\u00e9criture.<\/p>\n<p style=\"text-align: justify;\">En 2000, il devient libraire \u00e0 la FNAC dans le secteur Polars-SF, c&rsquo;est par le biais d&rsquo;un de ses auteurs pr\u00e9f\u00e9r\u00e9s de SF, Dan Simmons, qui \u00e9crit aussi dans le genre policier, qu&rsquo;il va d\u00e9couvrir un autre monde&#8230;<\/p>\n<p style=\"text-align: justify;\">Pourtant, son go\u00fbt particulier pour le \u00ab\u00a0Space Opera\u00a0\u00bb et un manque d&rsquo;auteurs dans le domaine, malgr\u00e9 une demande pressante d&rsquo;un public de fanatiques, le conduisent\u00a0 \u00e0 \u00e9crire un dyptique : <em>\u00ab\u00a0La chute des Mondes\u00a0\u00bb,<\/em> space-op\u00e9ra se d\u00e9roulant au XXVIIe si\u00e8cle dans une f\u00e9d\u00e9ration galactique regroupant 250 mondes habit\u00e9s, publi\u00e9 en 2002, suivi de <em>\u00ab\u00a0\u00c9tat de guerre\u00a0\u00bb<\/em> en 2004 <em>(qui lui vaut le \u00ab\u00a0Prix Razzie 2004\u00a0\u00bb du pire roman francophone d\u00e9cern\u00e9 par la revue sp\u00e9cialis\u00e9e<\/em> <em>Bifrost)<\/em>.<\/p>\n<p style=\"text-align: justify;\">Cette saga en 2 tomes \u00e9tait (est toujours) pourtant une \u0153uvre int\u00e9ressante car tr\u00e8s abordable, m\u00eame (et surtout) pour les apprentis-lecteurs de science-fiction, mais pas seulement. Dans son univers, il y dresse plusieurs plan\u00e8tes qui ont chacune une identit\u00e9, un r\u00e9gime, une politique diff\u00e9rente. Ainsi on bascule d&rsquo;un univers futuriste \u00e0 un monde m\u00e9di\u00e9val en passant par des soci\u00e9t\u00e9s religieuses ou totalitaires&#8230; Un exercice de style pour le jeune auteur qui jongle ainsi entre Science-Fiction et Fantasy, un hommage aussi \u00e0 une g\u00e9n\u00e9ration perdue d&rsquo;auteurs de Science-Fiction, issus de la feue collection <em>Anticipation<\/em> (Fleuve Noir), une aberration (bien \u00e9videmment) pour des journaleux snobinards, mais une belle initiation \u00e0 l&rsquo;imaginaire pour le lecteur.<\/p>\n<p style=\"text-align: justify;\">Il\u00a0 veut prouver que la Science-Fiction fran\u00e7aise peut rivaliser avec celle des pays anglo-saxons, et d\u00e8s 2006, il entame une s\u00e9rie, reprenant les th\u00e8mes majeurs de \u00ab\u00a0La chute des mondes\u00a0\u00bb intitul\u00e9 <em>\u00ab\u00a0L&rsquo;Empire des \u00e9toiles\u00a0\u00bb,<\/em> \u00e0 savoir la r\u00e9apparition d&rsquo;un soci\u00e9t\u00e9 f\u00e9odale dans un univers futuriste o\u00f9 l&rsquo;humanit\u00e9 a depuis longtemps quitt\u00e9 la Terre pour s&rsquo;installer sur de nouvelles plan\u00e8tes.<\/p>\n<p style=\"text-align: justify;\">Compar\u00e9e par l&rsquo;\u00e9diteur aux grandes sagas du genre \u00ab\u00a0Star wars\u00a0\u00bb, ce cycle compte aujourd&rsquo;hui 8 tomes, parus entre 2006 et 2008.<\/p>\n<p style=\"text-align: justify;\">En 2008, il a arr\u00eat\u00e9 la science-fiction pour se lancer dans le domaine du thriller avec sa s\u00e9rie <em>\u00ab\u00a0River Falls\u00a0\u00bb,<\/em> qui met en sc\u00e8ne le sh\u00e9rif Mike Logan, sh\u00e9rif de Seattle en remplacement pour un an dans le petit patelin am\u00e9ricain de River Falls. Un roman dans lequel il situe l&rsquo;action aux \u00c9tats-Unis, Les Rocheuses plus pr\u00e9cis\u00e9ment, et dans le si\u00e8cle&#8230; pr\u00e9sent, avec des personnages plus r\u00e9els que ceux qu&rsquo;il a pour habitude de faire \u00e9voluer dans les mondes parall\u00e8les du Futur.<\/p>\n<p style=\"text-align: justify;\">En 2009, ce changement est r\u00e9compens\u00e9 par le prestigieux \u00ab\u00a0prix Polar\u00a0\u00bb du Salon Polar &amp; CO de Cognac pour le second tome de la s\u00e9rie River Falls.<\/p>\n<p style=\"text-align: justify;\">Il encha\u00eene \u00e0 partir de 2011 avec la s\u00e9rie <em>\u00ab\u00a0Nuits Noires \u00e0 Seattle\u00a0\u00bb,<\/em> qui met toujours en sc\u00e8ne le sh\u00e9rif Logan mais de mani\u00e8re secondaire, et met en avant ses lieutenants Angelina Rivera et Dean Nelson d\u00e9j\u00e0 pr\u00e9sents dans la premi\u00e8re s\u00e9rie. Mais il encha\u00eene aussi avec <em>Canyon Creek<\/em> et <em>Stone island<\/em>, des romans \u00ab\u00a0one shot \u00bb aux \u00e9ditions du Toucan. <em>Les disparues de Louisiane<\/em>, \u00e9galement aux \u00e9ditions du Toucan, est paru en juin 2014.<\/p>\n<p style=\"text-align: justify;\">En 2015, \u00ab\u00a0<em>Tout le monde te ha\u00efra\u00a0\u00bb <\/em>marque son grand retour au thriller pur et dur. Son univers a souvent \u00e9t\u00e9 compar\u00e9 \u00e0 celui d\u2019Harlan Coben pour son sens du suspens, la nervosit\u00e9 de son \u00e9criture et la force de ses personnages.<\/p>\n<p>&nbsp;<\/p>\n<p style=\"text-align: justify;\"><strong>\u0152uvre\u00a0:<\/strong><\/p>\n<p style=\"text-align: justify;\"><strong>Cycle <em>La Chute des Mondes\u00a0:<\/em><\/strong><\/p>\n<ul style=\"text-align: justify;\">\n<li><em>La Chute des mondes<\/em>, 2002<\/li>\n<li><em>\u00c9tat de guerre<\/em>, 2004<\/li>\n<\/ul>\n<p style=\"text-align: justify;\"><strong>Cycle <em>L&rsquo;Empire des \u00c9toiles\u00a0<\/em>:<\/strong><\/p>\n<ul style=\"text-align: justify;\">\n<li><em>L&rsquo;Empire perdu<\/em>, 2006<\/li>\n<li><em>Le R\u00e9veil des Titans<\/em>, 2006<\/li>\n<li><em>L&rsquo;Odyss\u00e9e de Klark<\/em>, 2006<\/li>\n<li><em>Hyperborea<\/em>, 2006<\/li>\n<li><em>La Geste des chevaliers<\/em>, 2007<\/li>\n<li><em>Les Rescap\u00e9s du Kraken<\/em>, 2007<\/li>\n<li><em>L&rsquo;Agent de sa Majest\u00e9<\/em>, 2007<\/li>\n<li><em>Bons baisers de l&rsquo;Espace<\/em>, 2008<\/li>\n<li><em>Le Retour de Klark<\/em>, 2008<\/li>\n<\/ul>\n<p style=\"text-align: justify;\"><strong>S\u00e9rie <em>River Falls\u00a0:<\/em><\/strong><\/p>\n<ul style=\"text-align: justify;\">\n<li><em>7 jours \u00e0 River Falls<\/em>, 2008<\/li>\n<li><em>Un automne \u00e0 River Falls<\/em>, 2009 &#8211; Ce livre a re\u00e7u le Prix POLAR 2009 lors du 14<sup>\u00e8me<\/sup> Salon POLAR &amp; CO de Cognac, le 16\/10\/2009<\/li>\n<li><em>Un no\u00ebl \u00e0 River Falls<\/em>, 2010<\/li>\n<li><em>Retour \u00e0 River Falls, <\/em>2017<\/li>\n<\/ul>\n<p style=\"text-align: justify;\"><strong>S\u00e9rie <em>Nuits Noires \u00e0 Seattle\u00a0:<\/em><\/strong><\/p>\n<ul style=\"text-align: justify;\">\n<li><em>Charit\u00e9 bien ordonn\u00e9e<\/em>, 2011<\/li>\n<li><em>Pour le bien des enfants<\/em>, 2013<\/li>\n<li><em>N\u00e9 pour \u00eatre sauvage<\/em>, 2014<\/li>\n<\/ul>\n<p style=\"text-align: justify;\"><strong>S\u00e9rie <em>Jack Turner\u00a0:<\/em><\/strong><\/p>\n<ul style=\"text-align: justify;\">\n<li><em>Stone Island<\/em>, 2013<\/li>\n<li><em>Le secret de Stone Island<\/em>, 2014<\/li>\n<\/ul>\n<p style=\"text-align: justify;\"><strong>Autres romans\u00a0:<\/strong><\/p>\n<ul>\n<li style=\"text-align: justify;\"><em>Canyon Creek<\/em>, 2012<\/li>\n<li style=\"text-align: justify;\"><em>Les disparues de Louisiane<\/em>, 2014<\/li>\n<li style=\"text-align: justify;\"><em>Tout le monde te ha\u00efra<\/em>, 2015<\/li>\n<li style=\"text-align: justify;\"><em>Aurore de sang (suite de Tout le monde te ha\u00efra)<\/em><\/li>\n<li style=\"text-align: justify;\"><em>Ne crains pas la faucheuse<\/em>, 2015<\/li>\n<li style=\"text-align: justify;\"><em>Tu ne manqueras \u00e0 personne<\/em>, 2016<\/li>\n<\/ul>\n","protected":false},"excerpt":{"rendered":"<p>Canyon Creek, petite ville tranquille de l&rsquo;Ouest am\u00e9ricain qui tient son.<\/p>\n","protected":false},"author":3,"featured_media":7150,"comment_status":"open","ping_status":"closed","sticky":false,"template":"","format":"standard","meta":{"footnotes":""},"categories":[445],"tags":[357],"jetpack_featured_media_url":"http:\/\/www.e-cartable.fr\/vasa-lecture\/wp-content\/uploads\/2018\/09\/Canyon-Creek.jpg","_links":{"self":[{"href":"http:\/\/www.e-cartable.fr\/vasa-lecture\/wp-json\/wp\/v2\/posts\/7154"}],"collection":[{"href":"http:\/\/www.e-cartable.fr\/vasa-lecture\/wp-json\/wp\/v2\/posts"}],"about":[{"href":"http:\/\/www.e-cartable.fr\/vasa-lecture\/wp-json\/wp\/v2\/types\/post"}],"author":[{"embeddable":true,"href":"http:\/\/www.e-cartable.fr\/vasa-lecture\/wp-json\/wp\/v2\/users\/3"}],"replies":[{"embeddable":true,"href":"http:\/\/www.e-cartable.fr\/vasa-lecture\/wp-json\/wp\/v2\/comments?post=7154"}],"version-history":[{"count":0,"href":"http:\/\/www.e-cartable.fr\/vasa-lecture\/wp-json\/wp\/v2\/posts\/7154\/revisions"}],"wp:featuredmedia":[{"embeddable":true,"href":"http:\/\/www.e-cartable.fr\/vasa-lecture\/wp-json\/wp\/v2\/media\/7150"}],"wp:attachment":[{"href":"http:\/\/www.e-cartable.fr\/vasa-lecture\/wp-json\/wp\/v2\/media?parent=7154"}],"wp:term":[{"taxonomy":"category","embeddable":true,"href":"http:\/\/www.e-cartable.fr\/vasa-lecture\/wp-json\/wp\/v2\/categories?post=7154"},{"taxonomy":"post_tag","embeddable":true,"href":"http:\/\/www.e-cartable.fr\/vasa-lecture\/wp-json\/wp\/v2\/tags?post=7154"}],"curies":[{"name":"wp","href":"https:\/\/api.w.org\/{rel}","templated":true}]}}