{"id":6476,"date":"2017-10-03T15:21:59","date_gmt":"2017-10-03T14:21:59","guid":{"rendered":"http:\/\/www.e-cartable.fr\/vasa-lecture\/?p=6476"},"modified":"2017-10-03T15:23:31","modified_gmt":"2017-10-03T14:23:31","slug":"vargas-fred-%e2%99%a6-quand-sort-la-recluse","status":"publish","type":"post","link":"http:\/\/www.e-cartable.fr\/vasa-lecture\/vargas-fred-%e2%99%a6-quand-sort-la-recluse\/","title":{"rendered":"Vargas Fred \u2666 Quand sort la recluse"},"content":{"rendered":"<p style=\"text-align: justify;\"><a href=\"http:\/\/www.e-cartable.fr\/vasa-lecture\/?attachment_id=6477\" rel=\"attachment wp-att-6477\"><img decoding=\"async\" loading=\"lazy\" class=\"alignright wp-image-6477\" src=\"http:\/\/www.e-cartable.fr\/vasa-lecture\/wp-content\/uploads\/2017\/10\/Quand-sort-la-recluse.jpg\" alt=\"\" width=\"162\" height=\"245\" srcset=\"http:\/\/www.e-cartable.fr\/vasa-lecture\/wp-content\/uploads\/2017\/10\/Quand-sort-la-recluse.jpg 397w, http:\/\/www.e-cartable.fr\/vasa-lecture\/wp-content\/uploads\/2017\/10\/Quand-sort-la-recluse-199x300.jpg 199w, http:\/\/www.e-cartable.fr\/vasa-lecture\/wp-content\/uploads\/2017\/10\/Quand-sort-la-recluse-220x332.jpg 220w\" sizes=\"(max-width: 162px) 100vw, 162px\" \/><\/a>Une nouvelle enqu\u00eate du commissaire Adamsberg. Nous avions laiss\u00e9 le commissaire Adamsberg dans les brumes islandaises (<em>Temps glaciaires<\/em>).<\/p>\n<p style=\"text-align: justify;\"><!--more-->Forc\u00e9 de renter \u00e0 Paris par un crime, une femme \u00e9cras\u00e9e \u00e0 deux reprises par un v\u00e9hicule, qu&rsquo;il r\u00e9sout en deux coups de cuillers \u00e0 pot et quelques gravillons, Adamsberg d\u00e9couvre bient\u00f4t une s\u00e9rie de d\u00e9c\u00e8s d&rsquo;hommes \u00e2g\u00e9s, \u00e0 la suite d&rsquo;une morsure d&rsquo;araign\u00e9e, la recluse. Or, les morsures de cet arachnide ne sont pas mortelles, mais produisent d&rsquo;ordinaire une n\u00e9crose des tissus humains. On \u00e9voque bien une mutation li\u00e9e \u00e0 l&rsquo;usage des pesticides, mais le commissaire Adamsberg n&rsquo;y croit gu\u00e8re. Il per\u00e7oit, dans le nuage \u00e9th\u00e9r\u00e9 de ses pens\u00e9es, un obscur assassin qui officierait afin d&rsquo;accomplir une sourde et terrible vengeance. Il ne reste plus qu&rsquo;\u00e0 convaincre tout le commissariat de se lancer \u00e0 la poursuite de ce meurtrier. Une t\u00e2che qui va se r\u00e9v\u00e9ler bien plus ardue qu&rsquo;il n&rsquo;y para\u00eet, provoquant des scissions au sein d&rsquo;une \u00e9quipe qui doute du bien-fond\u00e9 des certitudes d&rsquo;Adamsberg.<\/p>\n<p style=\"text-align: justify;\">Tout est en place pour une belle enqu\u00eate. L&rsquo;\u00e9quipe d&rsquo;Adamsberg est au complet\u00a0: Danglard, Violette Retancourt et ses 110 kilos de force et de solidit\u00e9, Veyrenc le fid\u00e8le lieutenant, Estal\u00e8re et son don de faire un excellent caf\u00e9, Froissy l\u2019angoiss\u00e9e au placard secret rempli de p\u00e2t\u00e9s de sanglier et de mousses de canard au poivre vert, l\u2019hypersomniaque Marcadet prot\u00e9g\u00e9 par toute la brigade, Voisenet le zoologue contrari\u00e9, sans oublier la Boule, le chat qui dort sur la photocopieuse et qui ne mange qu&rsquo;\u00e0 l&rsquo;\u00e9tage dans la salle du distributeur \u00e0 boissons.<\/p>\n<p style=\"text-align: justify;\">Il faudra beaucoup de tact \u00e0 Adamsberg pour d\u00e9nouer ce n\u0153ud d&rsquo;Arachn\u00e9. D&rsquo;autant plus, que Danglard, lui mettra bien des b\u00e2tons dans les roues et qu&rsquo;il devra reconqu\u00e9rir toute son \u00e9quipe pour r\u00e9soudre son enqu\u00eate de recluse. Chacun va contribuer avec ses comp\u00e9tences \u00e0 faire le clair sur une histoire qui aurait pu rester archiv\u00e9e sous le statut de fait divers, si les \u00ab\u00a0bulles\u00a0\u00bb d&rsquo;Adamsberg, ne l&rsquo;avaient pas hant\u00e9 jusqu&rsquo;\u00e0 l&rsquo;insomnie. Car on le sait d\u00e9sormais, la recluse est une timide araign\u00e9e qui peut tout au plus mordre si elle se sent attaqu\u00e9e, et laisser juste une petite trace sur l\u2019infortun\u00e9e victime. Alors dix morts par venin de recluse, \u00e7a attire l&rsquo;attention du commissaire. D&rsquo;autant que des r\u00e9miniscences lointaines font surface dans son esprit brumeux.<\/p>\n<blockquote>\n<p style=\"text-align: justify;\">Jouant sur la polys\u00e9mie du mot recluse, le roman nous balade de Paris \u00e0 Lourdes en passant par N\u00eemes et sa r\u00e9gion, collectant au passage quelques boules \u00e0 neige, deux cuillers et des araign\u00e9es en pagaille ! On y croise aussi une brigade qui se mobilise pour nourrir une famille de merles, le chat qui ne ferait pas sept m\u00e8tres pour r\u00e9clamer sa nourriture, autant de pr\u00e9sences animales chaleureuses et pleines de vie.<\/p>\n<p style=\"text-align: justify;\"><em>Gageons qu&rsquo;apr\u00e8s avoir tourn\u00e9 la derni\u00e8re page, le lecteur sera devenu intime avec l&rsquo;arachnide qui r\u00e9pond au myst\u00e9rieux nom de recluse. Sans oublier de faire r\u00e9f\u00e9rence aux femmes bannies de la p\u00e9riode m\u00e9di\u00e9vale (th\u00e8me trait\u00e9 avec brio par Carole Martinez dans le Domaine des murmures).<\/em><\/p>\n<\/blockquote>\n<p>&nbsp;<\/p>\n<p style=\"text-align: justify;\"><strong>L&rsquo;auteur :<\/strong><\/p>\n<p style=\"text-align: justify;\"><strong><a href=\"http:\/\/www.e-cartable.fr\/vasa-lecture\/?attachment_id=4474\" rel=\"attachment wp-att-4474\"><img decoding=\"async\" loading=\"lazy\" class=\"alignleft wp-image-4474\" src=\"http:\/\/www.e-cartable.fr\/vasa-lecture\/wp-content\/uploads\/2015\/05\/Fred-Vargas.jpg\" alt=\"\" width=\"210\" height=\"279\" srcset=\"http:\/\/www.e-cartable.fr\/vasa-lecture\/wp-content\/uploads\/2015\/05\/Fred-Vargas.jpg 379w, http:\/\/www.e-cartable.fr\/vasa-lecture\/wp-content\/uploads\/2015\/05\/Fred-Vargas-225x300.jpg 225w, http:\/\/www.e-cartable.fr\/vasa-lecture\/wp-content\/uploads\/2015\/05\/Fred-Vargas-220x293.jpg 220w\" sizes=\"(max-width: 210px) 100vw, 210px\" \/><\/a>Fred Vargas<\/strong>, de son vrai nom <strong>Fr\u00e9d\u00e9rique Audoin-Rouzeau<\/strong>, n\u00e9e le 7 juin 1957 \u00e0 Paris, est une \u00e9crivaine, une arch\u00e9ozoologue et une m\u00e9di\u00e9viste fran\u00e7aise. Elle est connue pour ses romans policiers mettant en sc\u00e8ne, pour la plupart, le commissaire Adamsberg. Auteur de romans policiers \u00e0 fort succ\u00e8s et adapt\u00e9s au cin\u00e9ma et \u00e0 la t\u00e9l\u00e9vision, elle a choisi, avec le nom \u00ab\u00a0Vargas,\u00a0\u00bb le m\u00eame pseudonyme que celui de sa s\u0153ur jumelle Jo\u00eblle, peintre contemporaine connue sous le nom de Jo Vargas, en r\u00e9f\u00e9rence \u00e0 Maria Vargas, personnage jou\u00e9 par l&rsquo;actrice Ava Gardner dans le film \u00ab\u00a0La Comtesse aux pieds nus.\u00a0\u00bb<\/p>\n<p style=\"text-align: justify;\">Fred Vargas est la fille de l&rsquo;\u00e9crivain Philippe Audoin et d&rsquo;une ing\u00e9nieure chimiste. Son fr\u00e8re est l&rsquo;historien St\u00e9phane Audoin-Rouzeau et sa s\u0153ur jumelle la peintre Jo Vargas.<\/p>\n<p style=\"text-align: justify;\">Elle fait ses \u00e9tudes secondaires au lyc\u00e9e Moli\u00e8re \u00e0 Paris.<\/p>\n<p style=\"text-align: justify;\">Apr\u00e8s son bac, elle entreprend des \u00e9tudes d&rsquo;histoire. Elle est titulaire d&rsquo;un doctorat en histoire sur la peste au Moyen \u00c2ge. Passionn\u00e9e d&rsquo;arch\u00e9ologie, pendant toute sa scolarit\u00e9, elle ne cesse d&rsquo;effectuer des fouilles. Elle suit des \u00e9tudes d&rsquo;histoire, s&rsquo;int\u00e9resse tout d&rsquo;abord \u00e0 la Pr\u00e9histoire puis choisit d&rsquo;orienter son parcours vers le Moyen-Age. Elle a \u00e9crit en 2003 un ouvrage scientifique sur la peste noire (Les Chemins de la peste, le rat, la puce et l&rsquo;homme).<\/p>\n<p style=\"text-align: justify;\">Elle travaille un temps comme chercheuse au CNRS. Elle est sp\u00e9cialiste d&rsquo;arch\u00e9ozoologie. Elle travaille \u00e9galement sur des chantiers de fouilles arch\u00e9ologiques, notamment rue de Lut\u00e8ce (face au Palais de Justice) \u00e0 Paris et au monast\u00e8re de La Charit\u00e9-sur-Loire.<\/p>\n<p style=\"text-align: justify;\">Fred Vargas \u00e9crit son premier roman policier, <em>Les Jeux de l&rsquo;amour et de la mort<\/em>, au milieu des ann\u00e9es 1980 en parall\u00e8le \u00e0 son travail sur un chantier arch\u00e9ologique dans la Ni\u00e8vre. Cela lui permet de gagner le prix du premier roman du festival de Cognac en 1986 et de publier ce roman dans la collection Le Masque.<\/p>\n<p style=\"text-align: justify;\">Depuis, elle publie \u00e0 un rythme soutenu une quinzaine de romans, des nouvelles et deux bandes dessin\u00e9es en collaboration avec Edmond Baudoin.<\/p>\n<p style=\"text-align: justify;\">Elle fait de son fr\u00e8re St\u00e9phane Audoin-Rouzeau le personnage d&rsquo;un de ses romans.<\/p>\n<p style=\"text-align: justify;\">Depuis que <em>le Figaro<\/em> publie la liste des dix romanciers ayant le plus vendu (toutes \u00e9ditions confondues) sur une ann\u00e9e, Fred Vargas fait r\u00e9guli\u00e8rement partie du classement.<\/p>\n<p style=\"text-align: justify;\">\u00c0 partir de 2004, Fred Vargas s&rsquo;engage tr\u00e8s activement dans la campagne qui r\u00e9unit nombre de politiciens et d&rsquo;intellectuels de gauche et d&rsquo;extr\u00eame gauche fran\u00e7aise protestant contre l&rsquo;extradition de l&rsquo;ancien activiste italien d&rsquo;extr\u00eame gauche Cesare Battisti condamn\u00e9 pour quatre meurtres dans la p\u00e9ninsule. Elle enqu\u00eate pendant sept ans sur ce cas.<\/p>\n<p style=\"text-align: justify;\">Devant ce succ\u00e8s grandissant, l&rsquo;auteur se fait de plus en plus rare, fuyant tout ce qui peut ressembler \u00e0 une mondanit\u00e9. Elle occupe le temps libre qui lui reste \u00e0 sa famille: son fils, maintenant lyc\u00e9en, et sa s\u0153ur, qu&rsquo;elle consid\u00e8re comme sa moiti\u00e9.<\/p>\n<p style=\"text-align: justify;\"><strong>\u00a0<\/strong><\/p>\n<p style=\"text-align: justify;\"><strong>La principale s\u00e9rie de Fred Vargas est celle du commissaire <\/strong><strong>Jean-Baptiste Adamsberg<\/strong><strong>. <\/strong><\/p>\n<p style=\"text-align: justify;\">Fred Vargas a aussi publi\u00e9, avant les ann\u00e9es 2000, plusieurs romans sans ce personnage. Elle a \u00e9crit quelques textes non-narratifs et a collabor\u00e9 plusieurs fois avec le dessinateur Edmond Baudoin, pour des bandes dessin\u00e9es et des recueils de Nouvelles illustr\u00e9s.<\/p>\n<p style=\"text-align: justify;\">Parmi les caract\u00e9ristiques du style de Vargas, on trouve une attention importante port\u00e9e aux personnages et intrigues secondaires et aux dialogues, ainsi qu&rsquo;une forte pr\u00e9sence des l\u00e9gendes et de l&rsquo;Histoire. Ses romans font aussi la part belle \u00e0 l&rsquo;humour et la po\u00e9sie.<\/p>\n<p style=\"text-align: justify;\"><strong>\u00a0<\/strong><\/p>\n<p style=\"text-align: justify;\"><strong>Personnages principaux\u00a0:<\/strong><\/p>\n<p style=\"text-align: justify;\"><strong>Les policiers\u00a0:<\/strong><\/p>\n<p style=\"text-align: justify;\"><strong><em>Direction\u00a0:<\/em><\/strong><\/p>\n<ul style=\"text-align: justify;\">\n<li><em>Jean-Baptiste Adamsberg<\/em><em>:<\/em> personnage principal de la plupart des romans, commissaire fl\u00e2neur et flegmatique, d\u00e9pourvu de v\u00e9ritable m\u00e9thode d&rsquo;investigation.<\/li>\n<\/ul>\n<p style=\"text-align: justify;\"><strong><em>\u00a0<\/em><\/strong><\/p>\n<p style=\"text-align: justify;\"><strong><em>Officiers\u00a0:<\/em><\/strong><\/p>\n<ul style=\"text-align: justify;\">\n<li><em>Adrien Danglard\u00a0:<\/em> capitaine \u2013 puis commandant \u2013 m\u00e9thodique au savoir immense, adjoint du pr\u00e9c\u00e9dent\u00a0; divorc\u00e9, p\u00e8re de cinq enfants qu&rsquo;il \u00e9l\u00e8ve seul, et grand consommateur de vin blanc et de bi\u00e8re.<\/li>\n<li><em>Mordent\u00a0:<\/em> capitaine &#8211; puis commandant &#8211; deuxi\u00e8me adjoint au commissaire.<\/li>\n<li><em>Violette Retancourt<\/em> : lieutenante appr\u00e9ci\u00e9e d&rsquo;Adamsberg. De forte corpulence, elle peut \u00ab\u00a0tout\u00a0\u00bb faire en canalisant son \u00e9nergie, et est surnomm\u00e9e la \u00ab\u00a0d\u00e9esse\u00a0\u00bb par le commissaire.<\/li>\n<li><em>Froissy\u00a0:<\/em> lieutenante, appartient \u00e0 la Brigade. Obs\u00e9d\u00e9e par la nourriture (elle en cache partout). Informaticienne du groupe.<\/li>\n<li><em>Mercadet\u00a0:<\/em> lieutenant, poss\u00e8de une particularit\u00e9\u00a0: doit dormir absolument toutes les trois heures, mais arrive \u00e0 combler ce d\u00e9faut par une certaine efficacit\u00e9 et un certain entrain au sein du service d&rsquo;Adamsberg.<\/li>\n<li><em>Voisenet\u00a0:<\/em> lieutenant dans l&rsquo;\u00e9quipe de policiers dirig\u00e9e par Adamsberg, s&rsquo;int\u00e9resse \u00e0 la zoologie \u00e0 cot\u00e9 de son travail.<\/li>\n<li><em>No\u00ebl\u00a0:<\/em> lieutenant au sein du service, \u00ab\u00a0issu de la rue\u00a0\u00bb, peut \u00eatre assez brutal et col\u00e9rique, surtout \u00ab\u00a0en interne\u00a0\u00bb.<\/li>\n<li><em>Louis Veyrenc\u00a0:<\/em> lieutenant, B\u00e9arnais comme Adamsberg. Parle occasionnellement en alexandrins.<\/li>\n<\/ul>\n<p style=\"text-align: justify;\"><strong><em>Gardiens de la paix\u00a0:<\/em><\/strong><\/p>\n<ul style=\"text-align: justify;\">\n<li><em>Estal\u00e8re\u00a0:<\/em> brigadier dont les yeux verts sont en permanence \u00e9carquill\u00e9s. Prot\u00e9g\u00e9 par Adamsberg mais consid\u00e9r\u00e9 comme idiot par le reste de la Brigade. Il adule \u00e0 la fois le commissaire et Retancourt.<\/li>\n<li><em>Justin\u00a0:<\/em> brigadier au sein du service. Vit avec ses parents.<\/li>\n<li><em>Kernorkian\u00a0<\/em>: dit, parfois, par l&rsquo;\u00e9quipe, Kerno\u00a0: brigadier au sein du service, un certain caract\u00e8re. Quelques chicailles avec Veyrenc au sujet des origines g\u00e9ographiques de ces deux protagonistes, jamais, \u00ab\u00a0curieusement\u00a0\u00bb avec Adamsberg.<\/li>\n<li><em>Lamarre\u00a0:<\/em> brigadier au sein du service. Vit seul avec ses enfants.<\/li>\n<li><em>Gardon\u00a0:<\/em> brigadier au sein du service. Serviable mais poss\u00e8de un d\u00e9faut\u00a0: Un petit peu sensible concernant la vue et le contact du sang ou de tout ce qui ne parait pas propre.<\/li>\n<\/ul>\n<p style=\"text-align: justify;\"><strong><em>Les historiens\u00a0:<\/em><\/strong><\/p>\n<ul style=\"text-align: justify;\">\n<li><em>Mathias Delamarre,<\/em> dit \u00ab\u00a0Saint Matthieu\u00a0\u00bb\u00a0: arch\u00e9ologue sp\u00e9cialiste de la Pr\u00e9histoire. Il erre souvent en sandales et quasiment nu.<\/li>\n<li><em>Marc Vandoosler,<\/em> dit \u00ab\u00a0Saint Marc\u00a0\u00bb\u00a0: homme de m\u00e9nage le jour, m\u00e9di\u00e9viste la nuit. Adore porter de lourdes bagues en argent.<\/li>\n<li><em>Lucien Devernois,<\/em> dit \u00ab\u00a0Saint Luc\u00a0\u00bb\u00a0: historien sp\u00e9cialiste de la Grande Guerre. Il utilise beaucoup d&rsquo;expressions de cette guerre. Inspir\u00e9 du fr\u00e8re de Fred Vargas, ce personnage \u00e0 la m\u00e8che noire en bataille dans <em>Debout les morts<\/em> a fait dire \u00e0 St\u00e9phane Audoin-Rouzeau: \u00ab\u00a0Lucien Devernois, c&rsquo;est bien moi\u00a0\u00bb.<\/li>\n<li><em>Armand Vandoosler,<\/em> dit \u00ab\u00a0Vandoosler le Vieux\u00a0\u00bb\u00a0: ancien flic assez \u00e2g\u00e9, \u00e9picurien et fantasque, oncle et parrain de Marc.<\/li>\n<\/ul>\n<p style=\"text-align: justify;\">Les trois historiens \u00ab\u00a0sanctifi\u00e9s\u00a0\u00bb, surnomm\u00e9s \u00ab\u00a0Les \u00c9vang\u00e9listes\u00a0\u00bb, vivent dans la m\u00eame maison, \u00ab\u00a0La Baraque Pourrie\u00a0\u00bb avec Armand Vandoosler. Chaque habitant occupe un \u00e9tage entier, d\u00e9termin\u00e9 en fonction de l&rsquo;\u00e9poque \u00e9tudi\u00e9e. Mathias s&rsquo;est ainsi install\u00e9 au premier \u00e9tage, Marc au second, Lucien au troisi\u00e8me, et Armand au quatri\u00e8me (pour respecter l&rsquo;ordre chronologique et non pas par irrespect envers le vieux monsieur).<\/p>\n<p style=\"text-align: justify;\"><strong><em>Les autres\u00a0:<\/em><\/strong><\/p>\n<ul style=\"text-align: justify;\">\n<li><em>Camille Forestier\u00a0:<\/em> musicienne-plombier, elle a une relation mouvement\u00e9e avec le commissaire Adamsberg. Surnomm\u00e9e \u00ab\u00a0la petite ch\u00e9rie\u00a0\u00bb lors de ses premi\u00e8res apparitions. Elle aura un enfant du commissaire, nomm\u00e9 Thomas dit Tom.<\/li>\n<li><em>Armel Louvois,<\/em> dit Zerk\u00a0: premier fils d&rsquo;Adamsberg (appara\u00eet dans <em>Un lieu incertain<\/em>, <em>L&rsquo;Arm\u00e9e furieuse<\/em> et <em>Temps glaciaires<\/em>).<\/li>\n<li><em>Joss Le Guern\u00a0:<\/em> ancien marin devenu avec succ\u00e8s crieur Son \u00e9thique personnelle le porte \u00e0 supprimer de sa cri\u00e9e certains messages qu\u2019il juge \u00ab\u00a0douteux\u00a0\u00bb.<\/li>\n<li><em>Ludwig Kehlweiler,<\/em> dit l&rsquo;Allemand, ancien flic, poss\u00e8de un r\u00e9seau national d&rsquo;indicateurs et un crapaud nomm\u00e9 Bufo.<\/li>\n<li><em>La Boule\u00a0:<\/em> le chat du commissariat (premi\u00e8re apparition dans <em>Pars vite et reviens tard<\/em>), grosse boule de poils qui ne conna\u00eet que Danglard et surtout Retancourt, dont il a sauv\u00e9 la vie.<\/li>\n<\/ul>\n<p style=\"text-align: justify;\"><strong>\u00a0<\/strong><\/p>\n<h4 style=\"text-align: justify;\">S\u00e9rie Commissaire Jean-Baptiste Adamsberg<\/h4>\n<ul>\n<li style=\"text-align: justify;\"><em>L&rsquo;Homme aux cercles bleus<\/em> (1991) &#8211; Prix du festival de Saint-Nazaire 1992.<\/li>\n<li style=\"text-align: justify;\"><em>L&rsquo;Homme \u00e0 l&rsquo;envers<\/em> (1999) &#8211; Grand prix du roman noir de Cognac 2000, Prix myst\u00e8re de la critique 2000.<\/li>\n<li style=\"text-align: justify;\"><em>Pars vite et reviens tard<\/em> (2001) &#8211; Prix des libraires 2002, Prix des lectrices ELLE 2002, Deutscher Krimipreis.<\/li>\n<li style=\"text-align: justify;\"><em>Sous les vents de Neptune<\/em> (2004)<\/li>\n<li style=\"text-align: justify;\"><em>Dans les bois \u00e9ternels<\/em> (2006) \u2013 Troph\u00e9e 813 du meilleur roman francophone 2006<\/li>\n<li style=\"text-align: justify;\"><em>Un lieu incertain<\/em> (2008)<\/li>\n<li style=\"text-align: justify;\"><em>L&rsquo;Arm\u00e9e furieuse<\/em> (2011)<\/li>\n<li style=\"text-align: justify;\"><em>Temps glaciaires<\/em> (2015) &#8211; Prix Landerneau polar 2015<\/li>\n<li style=\"text-align: justify;\"><em>Quand sort la recluse<\/em> (2017)<\/li>\n<\/ul>\n","protected":false},"excerpt":{"rendered":"<p>Une nouvelle enqu\u00eate du commissaire Adamsberg. Nous avions laiss\u00e9 le commissaire.<\/p>\n","protected":false},"author":3,"featured_media":6477,"comment_status":"open","ping_status":"closed","sticky":false,"template":"","format":"standard","meta":{"footnotes":""},"categories":[420],"tags":[288],"jetpack_featured_media_url":"http:\/\/www.e-cartable.fr\/vasa-lecture\/wp-content\/uploads\/2017\/10\/Quand-sort-la-recluse.jpg","_links":{"self":[{"href":"http:\/\/www.e-cartable.fr\/vasa-lecture\/wp-json\/wp\/v2\/posts\/6476"}],"collection":[{"href":"http:\/\/www.e-cartable.fr\/vasa-lecture\/wp-json\/wp\/v2\/posts"}],"about":[{"href":"http:\/\/www.e-cartable.fr\/vasa-lecture\/wp-json\/wp\/v2\/types\/post"}],"author":[{"embeddable":true,"href":"http:\/\/www.e-cartable.fr\/vasa-lecture\/wp-json\/wp\/v2\/users\/3"}],"replies":[{"embeddable":true,"href":"http:\/\/www.e-cartable.fr\/vasa-lecture\/wp-json\/wp\/v2\/comments?post=6476"}],"version-history":[{"count":0,"href":"http:\/\/www.e-cartable.fr\/vasa-lecture\/wp-json\/wp\/v2\/posts\/6476\/revisions"}],"wp:featuredmedia":[{"embeddable":true,"href":"http:\/\/www.e-cartable.fr\/vasa-lecture\/wp-json\/wp\/v2\/media\/6477"}],"wp:attachment":[{"href":"http:\/\/www.e-cartable.fr\/vasa-lecture\/wp-json\/wp\/v2\/media?parent=6476"}],"wp:term":[{"taxonomy":"category","embeddable":true,"href":"http:\/\/www.e-cartable.fr\/vasa-lecture\/wp-json\/wp\/v2\/categories?post=6476"},{"taxonomy":"post_tag","embeddable":true,"href":"http:\/\/www.e-cartable.fr\/vasa-lecture\/wp-json\/wp\/v2\/tags?post=6476"}],"curies":[{"name":"wp","href":"https:\/\/api.w.org\/{rel}","templated":true}]}}