{"id":5388,"date":"2016-08-14T10:50:45","date_gmt":"2016-08-14T09:50:45","guid":{"rendered":"http:\/\/www.e-cartable.fr\/vasa-lecture\/?p=5388"},"modified":"2016-08-20T10:41:44","modified_gmt":"2016-08-20T09:41:44","slug":"bussi-michel-%e2%99%a6-grave-dans-le-sable","status":"publish","type":"post","link":"http:\/\/www.e-cartable.fr\/vasa-lecture\/bussi-michel-%e2%99%a6-grave-dans-le-sable\/","title":{"rendered":"Bussi Michel \u2666 Grav\u00e9 dans le sable"},"content":{"rendered":"<p style=\"text-align: justify;\"><a href=\"http:\/\/www.e-cartable.fr\/vasa-lecture\/?attachment_id=5375\" rel=\"attachment wp-att-5375\"><img decoding=\"async\" loading=\"lazy\" class=\"alignright wp-image-5375\" src=\"http:\/\/www.e-cartable.fr\/vasa-lecture\/wp-content\/uploads\/2016\/08\/Grav\u00e9-dans-le-sable.jpg\" alt=\"Grav\u00e9 dans le sable\" width=\"177\" height=\"284\" srcset=\"http:\/\/www.e-cartable.fr\/vasa-lecture\/wp-content\/uploads\/2016\/08\/Grav\u00e9-dans-le-sable.jpg 450w, http:\/\/www.e-cartable.fr\/vasa-lecture\/wp-content\/uploads\/2016\/08\/Grav\u00e9-dans-le-sable-187x300.jpg 187w, http:\/\/www.e-cartable.fr\/vasa-lecture\/wp-content\/uploads\/2016\/08\/Grav\u00e9-dans-le-sable-220x352.jpg 220w\" sizes=\"(max-width: 177px) 100vw, 177px\" \/><\/a>La veille du D\u00e9barquement en Normandie, face \u00e0 une mort certaine, que seriez-vous pr\u00eat \u00e0 promettre pour \u00e9changer votre place? Et que vaudra cette promesse, apr\u00e8s la guerre, alors que tous les t\u00e9moins seront morts ou disparus?<\/p>\n<p style=\"text-align: justify;\"><!--more-->Dans ce roman le sens propre rejoint le sens figur\u00e9, puisque il d\u00e9bute en juin 44, au large des c\u00f4tes normandes, dans une p\u00e9niche du d\u00e9barquement. Parmi les quelques 188 jeunes Am\u00e9ricains qui ont pour mission de prendre la Pointe-Guillaume, seule une poign\u00e9e est au courant du contrat qui unit deux d&rsquo;entre eux. Persuad\u00e9 que de toute fa\u00e7on, ils p\u00e9riront tous sous la mitraille allemande, Lucky a \u00e9chang\u00e9 son num\u00e9ro 148 contre le num\u00e9ro 4 du tr\u00e8s l\u00e2che et tr\u00e8s riche Oscar Arlington avec la promesse, si ce dernier s&rsquo;en sortait, de verser 1.44 millions de dollars \u00e0 sa fianc\u00e9e Alice ou \u00e0 ses parents, ce num\u00e9ro tir\u00e9 au sort repr\u00e9sentant leur ordre de d\u00e9barquement sur la plage et inversement leur chance de s&rsquo;en tirer.<\/p>\n<p style=\"text-align: justify;\">Ignorant ce pacte, Alice, la guerre termin\u00e9e, est venue dans ce petit coin de Normandie pour se convaincre d\u00e9finitivement que ce jour-l\u00e0, la chance avait bien abandonn\u00e9 son cher Lucky et qu&rsquo;il avait bien p\u00e9ri dans l&rsquo;assaut. D\u00e9sesp\u00e9r\u00e9e, elle s&rsquo;est exil\u00e9e en Australie. Juin 1964, la comm\u00e9moration du vingti\u00e8me anniversaire du d\u00e9barquement la ram\u00e8ne sur les terres normandes o\u00f9 quelques soldats rescap\u00e9s lui parlent du contrat conclu par son fianc\u00e9.<\/p>\n<p style=\"text-align: justify;\">Lorsqu&rsquo;une jeune veuve, Alice Queen, d\u00e9couvre des bri\u00adbes de v\u00e9rit\u00e9, vingt ans plus tard, que peut-elle prouver? En m\u00e9moire au seul amour de sa vie, Alice d\u00e9cide de partir \u00e0 la recherche du pass\u00e9 et des t\u00e9moins et de retrouver peut-\u00eatre cet Oscar Arlington qui n&rsquo;a pas honor\u00e9 sa promesse. Elle part fouiller le pass\u00e9 et s&rsquo;engage dans une qu\u00eate improbable qui va la mener de la Normandie aux quatre coins des Etats-Unis&#8230; Au p\u00e9ril de sa vie! Accidents, disparitions, meurtres se succ\u00e8dent&#8230;<\/p>\n<p style=\"text-align: justify;\">Autour d&rsquo;elle, chacun croit conna\u00eetre la v\u00e9rit\u00e9 et semble r\u00e9solu \u00e0 tuer pour prot\u00e9ger cette v\u00e9rit\u00e9\u00a0: une s\u00e9natrice am\u00e9ricaine inflexible, une jolie normande en qu\u00eate de vengeance, un d\u00e9tective priv\u00e9 amoureux, un tueur \u00e0 gages atypique.<\/p>\n<p style=\"text-align: justify;\">C&rsquo;est l&rsquo;histoire d&rsquo;un certain nombre de destins qui vont se croiser, mais aussi d&rsquo;ambitions qui vont perturber la vie des uns et des autres. Au fil des pages on croisera le destin de :<\/p>\n<p style=\"text-align: justify;\">&#8211; Une tr\u00e8s belle jeune fille am\u00e9ricaine, p\u00e9trie de principes et amoureuse \u00ab \u00e0 vie \u00bb d&rsquo;un seul homme : Lucky, un chanceux que rien n&rsquo;arr\u00eate.<\/p>\n<p style=\"text-align: justify;\">&#8211; Une non moins belle jeune normande qui recueille et soigne un de ces rangers qui ont d\u00e9barqu\u00e9 sous la mitraille allemande.<\/p>\n<p style=\"text-align: justify;\">&#8211; Quelques rangers qui arrivent sur ce site de d\u00e9barquement dans des p\u00e9niches et qui savent que pour nombre d&rsquo;entre eux, la mort est au bout\u2026 et qui n&rsquo;h\u00e9sitent pas \u00e0 faire les paris les plus fous, les plus dangereux pour essayer de tromper leur peur et leur sacrifice.<\/p>\n<p style=\"text-align: justify;\">&#8211; Quelques d\u00e9tectives et avocats qui vont, quelques ann\u00e9es plus tard, essayer de comprendre ce qui s&rsquo;est pass\u00e9 sur cette c\u00f4te de France.<\/p>\n<p style=\"text-align: justify;\">&#8211; Et enfin une s\u00e9natrice am\u00e9ricaine, aguerrie aux arcanes de la politique et de l&rsquo;ambition, mais m\u00e8re avant tout et pr\u00eate \u00e0 tout pour prot\u00e9ger son fils.<\/p>\n<p style=\"text-align: justify;\">&#8211; Avec bien s\u00fbr quelques \u00e9nergum\u00e8nes sans scrupules.<\/p>\n<p style=\"text-align: justify;\">\n<p style=\"text-align: justify;\"><strong>\u00a0L&rsquo;auteur :<\/strong><\/p>\n<p style=\"text-align: justify;\"><strong><a href=\"http:\/\/www.e-cartable.fr\/vasa-lecture\/?attachment_id=5178\" rel=\"attachment wp-att-5178\"><img decoding=\"async\" loading=\"lazy\" class=\"alignleft wp-image-5178 \" src=\"http:\/\/www.e-cartable.fr\/vasa-lecture\/wp-content\/uploads\/2016\/06\/Michel-Bussi.jpg\" alt=\"Michel Bussi\" width=\"251\" height=\"275\" srcset=\"http:\/\/www.e-cartable.fr\/vasa-lecture\/wp-content\/uploads\/2016\/06\/Michel-Bussi.jpg 257w, http:\/\/www.e-cartable.fr\/vasa-lecture\/wp-content\/uploads\/2016\/06\/Michel-Bussi-220x241.jpg 220w\" sizes=\"(max-width: 251px) 100vw, 251px\" \/><\/a>Michel Bussi<\/strong>, n\u00e9 le 29 avril 1965 \u00e0 Louviers dans l\u2019Eure, est un auteur fran\u00e7ais de romans policiers. Il a grandi au Manoir, entre Louviers et Rouen, une petite ville industrielle au bord de la Seine avec son aci\u00e9rie et sa papeterie qui ont ferm\u00e9 depuis belle lurette. Sa m\u00e8re, institutrice catholique, \u00e9levait seule ses trois enfants \u2013 son mari est d\u00e9c\u00e9d\u00e9 d\u2019un accident lorsque Michel Bussi avait 10 ans.<\/p>\n<p style=\"text-align: justify;\">Au coll\u00e8ge, il d\u00e9vore Agatha Christie, Ray Bradbury, Barjavel, Lenteric. Il restera un lecteur de romans populaire.\u00a0<em>\u00abUn de mes ma\u00eetres, c&rsquo;est Serge Brussolo. Un g\u00e9nie pur. Il publiait un livre tous les trois mois: de la SF, du policier, de l&rsquo;historique.\u00bb<\/em>\u00a0Il est intarissable sur les Grang\u00e9, Japrisot, Chattam, les rois des Relay. Ne lit presque jamais de\u00a0<em>\u00ablitt\u00e9rature blanche\u00bb<\/em>.<\/p>\n<p style=\"text-align: justify;\">Politologue fran\u00e7ais, professeur de g\u00e9ographie \u00e0 l&rsquo;universit\u00e9 de Rouen, o\u00f9 il dirige une UMR du CNRS, il est sp\u00e9cialiste de g\u00e9ographie \u00e9lectorale.<\/p>\n<p style=\"text-align: justify;\">Il vit \u00e0 Darn\u00e9tal, la ville la plus pauvre de l&rsquo;agglom\u00e9ration rouennaise. Il fr\u00e9quente toujours ses amis de coll\u00e8ge, qu&rsquo;il retrouve au club de sport, o\u00f9 il fait du ping-pong. Certains sont profs, d&rsquo;autres ouvriers. Ils relisent ses manuscrits.<\/p>\n<p style=\"text-align: justify;\">Michel Bussi a commenc\u00e9 \u00e0 \u00e9crire dans les ann\u00e9es 1990. Alors jeune professeur de g\u00e9ographie \u00e0 l\u2019universit\u00e9 de Rouen, il \u00e9crit un premier roman, situ\u00e9 \u00e0 l\u2019\u00e9poque du D\u00e9barquement de Normandie. Ce dernier est refus\u00e9 par l\u2019ensemble des maisons d\u2019\u00e9dition. Il \u00e9crit quelques nouvelles, s\u2019attelle \u00e0 l\u2019exercice de l\u2019\u00e9criture de sc\u00e9narios mais sans parvenir \u00e0 les faire publier. Il attendra dix ans pour que l\u2019id\u00e9e d\u2019un roman, inspir\u00e9 d\u2019un voyage \u00e0 Rome au moment du pic de popularit\u00e9 du <em>Da Vinci Code<\/em> de Dan Brown, s\u2019impose. Ce succ\u00e8s d\u2019\u00e9dition international, ainsi que la lecture d\u2019une r\u00e9\u00e9dition de Maurice Leblanc pour le centenaire d\u2019Ars\u00e8ne Lupin, le poussent \u00e0 se lancer dans un travail d\u2019enqu\u00eateur.<\/p>\n<p style=\"text-align: justify;\">De retour \u00e0 Rouen, \u00e9quip\u00e9 de ses cartes de l\u2019IGN, il noircit des carnets jusqu\u2019\u00e0 pouvoir proposer, en 2006, un manuscrit intitul\u00e9 <em>Code Lupin<\/em> \u00e0 un \u00e9diteur r\u00e9gional et universitaire, les \u00e9ditions des Falaises. Ce premier roman sera r\u00e9\u00e9dit\u00e9 neuf fois.<\/p>\n<p style=\"text-align: justify;\">Premier livre, <strong>Code Lupin<\/strong>, a ensuite \u00e9t\u00e9 publi\u00e9 en feuilleton, pendant 30 jours lors de l\u2019\u00e9t\u00e9 2010 par le quotidien <em>Paris Normandie<\/em>. Il est paru en \u00e9dition de poche en 2014.<\/p>\n<p style=\"text-align: justify;\">Son premier roman, <strong>Omaha crimes<\/strong>, a obtenu le prix Sang d\u2019encre de la ville de Vienne en 2007, le prix litt\u00e9raire du premier roman policier de la ville de Lens 2008, le prix litt\u00e9raire lyc\u00e9en de la ville de Caen 2008, le prix Octave Mirbeau de la ville de Tr\u00e9vi\u00e8res 2008 et le prix des lecteurs Ancres noires 2008 de la ville du Havre, devant les meilleurs auteurs de polar de l\u2019ann\u00e9e. Il a \u00e9t\u00e9 r\u00e9\u00e9dit\u00e9 en octobre 2014 sous le titre <strong>Grav\u00e9 dans le sable<\/strong>.<\/p>\n<p style=\"text-align: justify;\">Il publie en 2008 son troisi\u00e8me roman, <strong>Mourir sur Seine<\/strong>, qui se d\u00e9roule pendant l\u2019Armada 2008 de Rouen, et qui s\u2019est vendu en quelques semaines \u00e0 plusieurs milliers d\u2019exemplaires. <em>Mourir sur Seine<\/em> a obtenu en 2008 le prix du Comit\u00e9 r\u00e9gional du livre de Basse-Normandie (prix Reine Mathilde). Il est r\u00e9\u00e9dit\u00e9 en \u00e9dition de poche en janvier 2015.<\/p>\n<p style=\"text-align: justify;\">Il a publi\u00e9 en 2009 un nouveau roman, <strong>Sang famille<\/strong>, destin\u00e9 \u00e0 la fois aux adultes et aux adolescents.<\/p>\n<p style=\"text-align: justify;\">En 2010, il participe au recueil de nouvelles <em>Les Couleurs de l\u2019instant<\/em>, avec une longue nouvelle, \u00ab\u00a0<em>T\u2019en souviens-tu mon Ana\u00efs ?\u00a0\u00bb<\/em>, qui se d\u00e9roule \u00e0 Veules-les-Roses et traite de la \u00ab l\u00e9gende \u00bb d\u2019Ana\u00efs Aubert.<\/p>\n<p style=\"text-align: justify;\">\u00c0 partir de 2010, il est publi\u00e9 aux Presses de la Cit\u00e9.<\/p>\n<p style=\"text-align: justify;\">Son roman <strong>Nymph\u00e9as noirs<\/strong>, huis-clos qui se d\u00e9roule dans le village de Giverny, sort le 20 janvier 2011. Il obtient un succ\u00e8s critique et populaire important, et remporte notamment le prix des lecteurs du festival Polar de Cognac, le prix du polar m\u00e9diterran\u00e9en (festival de Villeneuve-lez-Avignon), le prix Michel Lebrun de la 25\u00e8me heure du Mans, le prix des lecteurs du festival Sang d\u2019Encre de la ville de Vienne (\u00ab gouttes de Sang d\u2019encre \u00bb), le Grand prix Gustave Flaubert de la Soci\u00e9t\u00e9 des \u00e9crivains normands, devenant ainsi le roman policier fran\u00e7ais le plus prim\u00e9 en 2011.<\/p>\n<p style=\"text-align: justify;\">En janvier 2012, il publie <strong>Un avion sans elle<\/strong>. S\u2019il reste fid\u00e8le aux intrigues psychologiques fond\u00e9es sur les faux-semblants et la manipulation du lecteur, m\u00ealant pass\u00e9 et pr\u00e9sent, ce roman, pour la premi\u00e8re fois, n\u2019est pas principalement situ\u00e9 en Normandie. Salu\u00e9 par G\u00e9rard Collard comme le polar de l\u2019ann\u00e9e, \u00ab\u00a0<em>Un avion sans elle\u00a0\u00bb<\/em> est r\u00e9compens\u00e9 par le prix Maison de la presse 2012, le Prix du Roman populaire 2012 et le Prix du Meilleur Polar francophone 2012 (Montigny-les-Cormeilles). Le roman s\u2019est aujourd\u2019hui, toutes \u00e9ditions confondues, vendu \u00e0 plus de 600\u00a0000 exemplaires. Il sera adapt\u00e9 au cin\u00e9ma. Il est publi\u00e9 en feuilleton dans <em>l&rsquo;Est r\u00e9publicain<\/em>, \u00e0 partir de septembre 2013 et pendant plus de 200 jours. Et vingt-cinq pays en ont achet\u00e9 les droits de traduction (Espagne, Allemagne, Italie, Russie, Pologne, Bulgarie, Hongrie, Japon, Cor\u00e9e, Lituanie, Portugal, Ta\u00efwan, Angleterre, Isra\u00ebl, Br\u00e9sil, r\u00e9publique Tch\u00e8que, Slovaquie, Norv\u00e8ge, Gr\u00e8ce, Turquie, Pays-Bas, Vi\u00eat Nam, Lettonie, Roumanie, Serbie\u2026).<\/p>\n<p style=\"text-align: justify;\">Plusieurs ann\u00e9es seront n\u00e9cessaires pour que les ouvrages de Michel Bussi, qui paraissent au rythme d\u2019un par an, tel <em>Mourir sur Seine<\/em> en 2008, ou <em>Nymph\u00e9as Noirs<\/em> en 2011, voient leurs ventes s\u2019envoler. Apr\u00e8s une s\u00e9rie de r\u00e9compenses locales, gr\u00e2ce \u00e0 ses premi\u00e8res \u00e9ditions en livre de poche, mais surtout gr\u00e2ce \u00e0 la sortie en rayon polar de son ouvrage ma\u00eetre <em>Un avion sans elle<\/em>, l\u2019auteur g\u00e9ographe est propuls\u00e9 sur le devant de la sc\u00e8ne.<\/p>\n<p style=\"text-align: justify;\">Une des particularit\u00e9s de son travail est de situer la majorit\u00e9 de ses romans en Normandie. Ce tropisme normand, ajout\u00e9 \u00e0 son enseignement et ses recherches en Normandie, l\u2019ont amen\u00e9 \u00e0 \u00eatre \u00e9lu \u00ab\u00a0Parrain officiel\u00a0\u00bb de la F\u00eate Des Normands, \u00e9dition 2014, f\u00eate r\u00e9gionale normande f\u00eat\u00e9e sur l\u2019ensemble de son territoire et au-del\u00e0.<\/p>\n<p style=\"text-align: justify;\">Depuis 2013, Michel Bussi est l\u2019auteur fran\u00e7ais de roman policier le plus lu, il se place en 8<sup>\u00e8me<\/sup> position des auteurs les plus vendus en France. Son dernier opus <em>N\u2019oublier jamais<\/em>, sorti en mai 2014, met \u00ab\u00a0plus que jamais\u00a0\u00bb la Normandie au c\u0153ur de son intrigue.<\/p>\n<p style=\"text-align: justify;\">En mars 2013, <strong>Ne l\u00e2che pas ma main<\/strong> entra\u00eene le lecteur sur l\u2019\u00eele de La R\u00e9union, sous le soleil et les palmiers, d\u00e9cor paradisiaque et anxiog\u00e8ne d\u2019un roman tout en tension et suspense, dont l\u2019intrigue, qui se d\u00e9noue par la r\u00e9v\u00e9lation d\u2019une terrible manipulation, est en partie suivie \u00e0 travers le regard d\u2019une petite fille de six ans. 200\u00a0000 exemplaires ont \u00e9t\u00e9 vendus \u00e0 ce jour, en diff\u00e9rentes \u00e9ditions. D\u00e9cor idyllique pour un couple amoureux, pourtant le r\u00eave tourne au cauchemar lorsque la femme dispara\u00eet de sa chambre d\u2019h\u00f4tel. Son mari, soup\u00e7onn\u00e9 du meurtre, s\u2019enfuit en embarquant leur fille. Une course poursuite commence alors\u2026<\/p>\n<p style=\"text-align: justify;\">Cette ann\u00e9e 2013 sacre Michel Bussi \u00ab\u00a0<strong>auteur fran\u00e7ais de polars le plus vendu<\/strong>\u00a0\u00bb (source GFK), et il se classe par ailleurs 8<sup>\u00e8me<\/sup> meilleure vente fran\u00e7aise 2013 (Le Figaro litt\u00e9raire).<\/p>\n<p style=\"text-align: justify;\">2014 a vu en mai la parution de <strong>N\u2019oublier jamais<\/strong> et la r\u00e9\u00e9dition, en octobre, sous le titre <em>Grav\u00e9 dans le sable<\/em>, de son premier roman (<em>Omaha Crimes<\/em>, 2007). La Normandie est dans l\u2019un comme l\u2019autre mise \u00e0 l\u2019honneur.<\/p>\n<p style=\"text-align: justify;\">Point de d\u00e9part de <em>N\u2019oublier jamais<\/em>\u00a0: une \u00e9charpe rouge au cou d\u2019une jeune femme qui vient de sauter dans le vide du haut d\u2019une falaise d\u2019Yvetot. Mais une \u00e9charpe qui ne peut absolument pas se trouver l\u00e0\u00a0! Tout au long des 500 pages d\u2019une lecture en apn\u00e9e, jusqu\u2019au <strong>\u00ab\u00a0twist\u00a0\u00bb final, d\u00e9sormais la marque Bussi<\/strong>, le lecteur jubile. D\u00e9j\u00e0 plus de 90 000 lecteurs ont \u00e9t\u00e9 conquis.<\/p>\n<p style=\"text-align: justify;\">Relire et r\u00e9\u00e9diter son premier roman, <strong>Grav\u00e9 dans le sable<\/strong>, au moment o\u00f9 l\u2019on f\u00eate les 70 ans du D\u00e9barquement a permis \u00e0 Michel Bussi de rendre de nouveau hommage aux jeunes h\u00e9ros de la Seconde Guerre mondiale. Son temp\u00e9rament d\u2019\u00e9crivain, sa ma\u00eetrise de la \u00ab m\u00e9canique d\u2019horloger\u00a0\u00bb qu\u2019il affectionne dans tous ses romans sont d\u00e9j\u00e0 bien l\u00e0\u00a0! Pr\u00e8s de 60 000 l\u2019ont d\u00e9j\u00e0 aim\u00e9 !<\/p>\n<p style=\"text-align: justify;\">5\u00e8me auteur le plus lu en France en 2014, Michel Bussi sera certainement pr\u00e9sent dans le top 5 de l\u2019ann\u00e9e 2015.<\/p>\n<p style=\"text-align: justify;\"><strong>Maman a tort<\/strong><strong>,<\/strong> paru en mai 2015, n\u2019a pas quitt\u00e9 le top 20 des polars de l\u2019ann\u00e9e\u2026 Michel Bussi reste l\u2019auteur de polars fran\u00e7ais le plus lu ! D\u00e9j\u00e0 180\u00a0000 exemplaires en grand format. L\u2019\u00e9dition de poche para\u00eet en mai 2016.<\/p>\n<p style=\"text-align: justify;\">Michel Bussi publie le 4 \u00a0mai 2016 <strong><em>Le temps est assassin<\/em><\/strong><strong><em>.<\/em><\/strong> Baign\u00e9e par les parfums et saveurs de la Corse, c\u2019est une partition l\u00e9g\u00e8rement nostalgique, qui balance des eighties \u00e0 l\u2019\u00e9t\u00e9 2016, qu\u2019il nous fait jouer. On se rappelle des vacances en famille, des morsures du soleil et des amours n\u00e9es sur la plage. L\u2019intrigue vibre au diapason de l\u2019adolescence\u00a0: un cocktail d\u2019\u00e9motions fortes, violentes, profondes. A lire en apn\u00e9e\u00a0jusqu\u2019au twist final !<\/p>\n<p style=\"text-align: justify;\"><strong>Bibliographie\u00a0:<\/strong><\/p>\n<p style=\"text-align: justify;\"><strong>Thrillers\u00a0:<\/strong><\/p>\n<ul style=\"text-align: justify;\">\n<li><strong>Code Lupin<\/strong> &#8211; 2006<\/li>\n<li><strong>Omaha Crimes<\/strong> \u2013 2007<\/li>\n<li><strong>Mourir sur Seine<\/strong> &#8211; 2008<\/li>\n<li><strong>Sang famille, traqu\u00e9 dans les iles anglo-normandes<\/strong> &#8211; 2009<\/li>\n<li><strong>Nymph\u00e9as noirs<\/strong> &#8211; 2011<\/li>\n<li><strong>Un avion sans elle<\/strong> &#8211; 2012<\/li>\n<li><strong>Ne l\u00e2che pas ma main<\/strong> &#8211; 2013<\/li>\n<li><strong>N\u2019oublier jamais<\/strong> &#8211; 2014<\/li>\n<li><strong>Grav\u00e9 dans le sable<\/strong> \u2013 2014<\/li>\n<li><strong>Maman a tort \u2013<\/strong> 2015<\/li>\n<li><strong>Le temps est assassin &#8211;<\/strong> 2016<\/li>\n<\/ul>\n<p>&nbsp;<\/p>\n<p style=\"text-align: justify;\"><strong>Essais<\/strong><\/p>\n<ul style=\"text-align: justify;\">\n<li>El\u00e9ments de g\u00e9ographie \u00e9lectorale \u00e0 travers l\u2019exemple (Publication de l\u2019Universit\u00e9 de Rouen en 1998)<\/li>\n<li>Pour une nouvelle g\u00e9ographie du politique, territoire, d\u00e9mocratie, \u00e9lection (Anthropos en mars 2004)<\/li>\n<li>Un monde en recomposition (Publication de l\u2019Universit\u00e9 de Rouen en 2010)<\/li>\n<\/ul>\n<p style=\"text-align: justify;\"><strong>Prix litt\u00e9raires\u00a0:<\/strong><\/p>\n<p style=\"text-align: justify;\">Le succ\u00e8s de\u00a0Michel\u00a0Bussi, c&rsquo;est celui de la France des petits prix litt\u00e9raires, dont la presse se fait rarement l&rsquo;\u00e9cho. Il en totalise une vingtaine, qu&rsquo;on lui a d\u00e9cern\u00e9s au Havre, au Mans, \u00e0 Lens, Caen, Tr\u00e9vi\u00e8res, Cognac, Villeneuve-lez-Avignon, Elven, Montigny-l\u00e8s-Cormeilles, Li\u00e8ge, Estaimpuis, Vaugneray, Ouessant. Il envoie ses livres lui-m\u00eame, colle les timbres et les enveloppes, surveille les \u00e9ch\u00e9ances, prend des trains Corail pour recevoir ses troph\u00e9es aux quatre coins du pays.<\/p>\n<p style=\"text-align: justify;\"><strong>Omaha Crimes \/ Grav\u00e9 dans le sable<\/strong><\/p>\n<ul style=\"text-align: justify;\">\n<li>2007, prix Sang d\u2019encre de la ville de Vienne (Is\u00e8re)<\/li>\n<li>2008, prix litt\u00e9raire du premier roman policier de la ville de Lens (Pas-de-Calais)<\/li>\n<li>2008, prix litt\u00e9raire lyc\u00e9en de la ville de Caen<\/li>\n<li>2008, prix Octave Mirbeau de la ville de Tr\u00e9vi\u00e8res<\/li>\n<li>2008, prix des lecteurs Ancres noires de la ville du Havre<\/li>\n<\/ul>\n<p style=\"text-align: justify;\"><strong>Mourir sur Seine<\/strong><\/p>\n<ul style=\"text-align: justify;\">\n<li>2008, prix du Comit\u00e9 r\u00e9gional du livre de Basse-Normandie (prix Reine Mathilde)<\/li>\n<\/ul>\n<p style=\"text-align: justify;\"><strong>Nymph\u00e9as noirs<\/strong><\/p>\n<ul style=\"text-align: justify;\">\n<li>2011, prix des lecteurs du festival Polar de Cognac<\/li>\n<li>2011, prix du polar m\u00e9diterran\u00e9en (festival de Villeneuve-lez-Avignon)<\/li>\n<li>2011, prix Michel Lebrun de la 25<sup>e<\/sup> heure du Mans<\/li>\n<li>2011, Grand prix Gustave Flaubert de la Soci\u00e9t\u00e9 des \u00e9crivains normands<\/li>\n<li>2011, prix des lecteurs du festival Sang d\u2019Encre de la ville de Vienne (\u00ab\u00a0gouttes de Sang d\u2019encre\u00a0\u00bb)<\/li>\n<li>2011, Finaliste du prix myst\u00e8re de la critique (3<sup>e<\/sup>), du prix du polar francophone de Montigny-l\u00e8s-Cormeilles (2\u00e8me), du prix marseillais du polar, du prix Polar de Cognac, du prix du roman populaire d\u2019Elven, du prix Plume-Libre, du prix plume de Cristal du festival policier de Li\u00e8ge<\/li>\n<li>2014, prix \u00ab\u00a0critiques-libres.com\u00a0\u00bb (site de litt\u00e9rature en ligne-14 000 membres)<\/li>\n<li>2015, Prix Domitys (prix des maisons de retraite)<\/li>\n<\/ul>\n<p style=\"text-align: justify;\"><strong>Un avion sans elle<\/strong><\/p>\n<ul style=\"text-align: justify;\">\n<li>2012, Prix Maison de la Presse<\/li>\n<li>2012, prix du polar francophone de Montigny-l\u00e8s-Cormeilles<\/li>\n<li>2012, prix du roman populaire (Elven)<\/li>\n<li>2012, prix \u00ab\u00a0\u00e0 chacun son histoire\u00a0\u00bb, (Estampuis, Belgique).<\/li>\n<li>2012, finaliste du Grand Prix de litt\u00e9rature polici\u00e8re, finaliste du prix Polar de Cognac<\/li>\n<li>2013, prix polar des lecteurs, NVN, le Noir du Val Noir (Vaugneray)<\/li>\n<li>2014, prix Dupuy 2014 (lyc\u00e9e Dupuy de L\u00f4me)<\/li>\n<\/ul>\n<p style=\"text-align: justify;\"><strong>Ne l\u00e2che pas ma main<\/strong><\/p>\n<ul style=\"text-align: justify;\">\n<li>2013, Livre du mois de mai, prix Relay des voyageurs-Europe 1<\/li>\n<li>2013, Prix du roman insulaire, salon du livre insulaire d&rsquo;Ouessant, cat\u00e9gorie \u00ab\u00a0policier\u00a0\u00bb<\/li>\n<li>2013, Prix des lecteurs \u00ab\u00a0Voyage au c\u0153ur du polar\u00a0\u00bb, biblioth\u00e8que de Mesnil-Esnard.<\/li>\n<li>2014, Prix litt\u00e9raire du Pays de Pouzauges<\/li>\n<li>2014, Prix \u00ab\u00a0la Plume Martraise\u00a0\u00bb (Martres-Tolosane)<\/li>\n<li>2013, finaliste du grand prix de litt\u00e9rature polici\u00e8re, finaliste du prix Interpol&rsquo;art, finaliste du prix Polar de Cognac<\/li>\n<\/ul>\n<p style=\"text-align: justify;\"><strong>Maman a tort<\/strong><\/p>\n<ul style=\"text-align: justify;\">\n<li>2015, Prix Sang d&rsquo;encre des lyc\u00e9ens 2013<\/li>\n<\/ul>\n<p style=\"text-align: justify;\"><strong>N\u2019oublier jamais\u00a0\u00a0\u00a0\u00a0\u00a0\u00a0\u00a0\u00a0\u00a0\u00a0\u00a0\u00a0\u00a0\u00a0\u00a0\u00a0\u00a0\u00a0\u00a0\u00a0\u00a0\u00a0\u00a0\u00a0\u00a0\u00a0\u00a0\u00a0\u00a0\u00a0\u00a0\u00a0\u00a0\u00a0\u00a0\u00a0\u00a0\u00a0\u00a0\u00a0\u00a0\u00a0 <\/strong><\/p>\n<ul>\n<li style=\"text-align: justify;\">2016, Prix du talent litt\u00e9raire normand<\/li>\n<\/ul>\n<p><span style=\"border-radius: 2px; text-indent: 20px; width: auto; padding: 0px 4px 0px 0px; text-align: center; font: bold 11px\/20px 'Helvetica Neue',Helvetica,sans-serif; color: #ffffff; background: #bd081c  no-repeat scroll 3px 50% \/ 14px 14px; position: absolute; opacity: 0.85; z-index: 8675309; display: none; cursor: pointer; top: 1432px; left: 20px;\">Enregistrer<\/span><\/p>\n","protected":false},"excerpt":{"rendered":"<p>La veille du D\u00e9barquement en Normandie, face \u00e0 une mort certaine,.<\/p>\n","protected":false},"author":3,"featured_media":5375,"comment_status":"open","ping_status":"closed","sticky":false,"template":"","format":"standard","meta":{"footnotes":""},"categories":[335],"tags":[331],"jetpack_featured_media_url":"http:\/\/www.e-cartable.fr\/vasa-lecture\/wp-content\/uploads\/2016\/08\/Grav\u00e9-dans-le-sable.jpg","_links":{"self":[{"href":"http:\/\/www.e-cartable.fr\/vasa-lecture\/wp-json\/wp\/v2\/posts\/5388"}],"collection":[{"href":"http:\/\/www.e-cartable.fr\/vasa-lecture\/wp-json\/wp\/v2\/posts"}],"about":[{"href":"http:\/\/www.e-cartable.fr\/vasa-lecture\/wp-json\/wp\/v2\/types\/post"}],"author":[{"embeddable":true,"href":"http:\/\/www.e-cartable.fr\/vasa-lecture\/wp-json\/wp\/v2\/users\/3"}],"replies":[{"embeddable":true,"href":"http:\/\/www.e-cartable.fr\/vasa-lecture\/wp-json\/wp\/v2\/comments?post=5388"}],"version-history":[{"count":0,"href":"http:\/\/www.e-cartable.fr\/vasa-lecture\/wp-json\/wp\/v2\/posts\/5388\/revisions"}],"wp:featuredmedia":[{"embeddable":true,"href":"http:\/\/www.e-cartable.fr\/vasa-lecture\/wp-json\/wp\/v2\/media\/5375"}],"wp:attachment":[{"href":"http:\/\/www.e-cartable.fr\/vasa-lecture\/wp-json\/wp\/v2\/media?parent=5388"}],"wp:term":[{"taxonomy":"category","embeddable":true,"href":"http:\/\/www.e-cartable.fr\/vasa-lecture\/wp-json\/wp\/v2\/categories?post=5388"},{"taxonomy":"post_tag","embeddable":true,"href":"http:\/\/www.e-cartable.fr\/vasa-lecture\/wp-json\/wp\/v2\/tags?post=5388"}],"curies":[{"name":"wp","href":"https:\/\/api.w.org\/{rel}","templated":true}]}}