{"id":2674,"date":"2011-05-17T15:41:34","date_gmt":"2011-05-17T14:41:34","guid":{"rendered":"http:\/\/www.e-cartable.fr\/vasa-lecture\/?p=2674"},"modified":"2013-09-23T09:55:59","modified_gmt":"2013-09-23T08:55:59","slug":"jonasson-jonas","status":"publish","type":"post","link":"http:\/\/www.e-cartable.fr\/vasa-lecture\/jonasson-jonas\/","title":{"rendered":"Jonasson Jonas"},"content":{"rendered":"<p><b><a href=\"http:\/\/www.e-cartable.fr\/vasa-lecture\/?attachment_id=2105\" rel=\"attachment wp-att-2105\"><img decoding=\"async\" loading=\"lazy\" class=\"size-full wp-image-2105 alignnone\" alt=\"jonas jonasson\" src=\"http:\/\/www.e-cartable.fr\/vasa-lecture\/wp-content\/uploads\/2013\/03\/jonas-jonasson.jpeg\" width=\"294\" height=\"196\" srcset=\"http:\/\/www.e-cartable.fr\/vasa-lecture\/wp-content\/uploads\/2013\/03\/jonas-jonasson.jpeg 700w, http:\/\/www.e-cartable.fr\/vasa-lecture\/wp-content\/uploads\/2013\/03\/jonas-jonasson-300x200.jpeg 300w\" sizes=\"(max-width: 294px) 100vw, 294px\" \/><\/a>Jonas Jonasson<\/b> (n\u00e9 le 6\u00a0juillet\u00a01961 \u00e0 V\u00e4xj\u00f6) est un \u00e9crivain et journaliste su\u00e9dois.<\/p>\n<p>Avant de devenir \u00e9crivain, Jonas Jonasson a longtemps travaill\u00e9 comme journaliste, consultant dans les m\u00e9dias puis producteur de t\u00e9l\u00e9.<\/p>\n<p>D\u00e9cidant de commencer une nouvelle vie, il se met \u00e0 la r\u00e9daction d&rsquo;un manuscrit, vend tout ce qu&rsquo;il poss\u00e8de en Su\u00e8de et part s&rsquo;installer dans un village suisse, pr\u00e8s de la fronti\u00e8re italienne (dans le canton du Tessin).<\/p>\n<p>En 2009, son manuscrit est publi\u00e9. En France, il para\u00eet aux Presses de la cit\u00e9 en mars 2011, sous le titre \u00ab\u00a0Le Vieux qui ne voulait pas f\u00eater son anniversaire et se fit la malle\u00a0\u00bb.<b> <\/b>Best-seller international, vendu \u00e0 plus de 700 000 exemplaires en Su\u00e8de,ce roman va \u00eatre adapt\u00e9 au cin\u00e9ma.<\/p>\n","protected":false},"excerpt":{"rendered":"<p>Jonas Jonasson (n\u00e9 le 6\u00a0juillet\u00a01961 \u00e0 V\u00e4xj\u00f6) est un \u00e9crivain et.<\/p>\n","protected":false},"author":3,"featured_media":2105,"comment_status":"open","ping_status":"closed","sticky":false,"template":"","format":"standard","meta":{"footnotes":""},"categories":[164],"tags":[],"jetpack_featured_media_url":"http:\/\/www.e-cartable.fr\/vasa-lecture\/wp-content\/uploads\/2013\/03\/jonas-jonasson.jpeg","_links":{"self":[{"href":"http:\/\/www.e-cartable.fr\/vasa-lecture\/wp-json\/wp\/v2\/posts\/2674"}],"collection":[{"href":"http:\/\/www.e-cartable.fr\/vasa-lecture\/wp-json\/wp\/v2\/posts"}],"about":[{"href":"http:\/\/www.e-cartable.fr\/vasa-lecture\/wp-json\/wp\/v2\/types\/post"}],"author":[{"embeddable":true,"href":"http:\/\/www.e-cartable.fr\/vasa-lecture\/wp-json\/wp\/v2\/users\/3"}],"replies":[{"embeddable":true,"href":"http:\/\/www.e-cartable.fr\/vasa-lecture\/wp-json\/wp\/v2\/comments?post=2674"}],"version-history":[{"count":0,"href":"http:\/\/www.e-cartable.fr\/vasa-lecture\/wp-json\/wp\/v2\/posts\/2674\/revisions"}],"wp:featuredmedia":[{"embeddable":true,"href":"http:\/\/www.e-cartable.fr\/vasa-lecture\/wp-json\/wp\/v2\/media\/2105"}],"wp:attachment":[{"href":"http:\/\/www.e-cartable.fr\/vasa-lecture\/wp-json\/wp\/v2\/media?parent=2674"}],"wp:term":[{"taxonomy":"category","embeddable":true,"href":"http:\/\/www.e-cartable.fr\/vasa-lecture\/wp-json\/wp\/v2\/categories?post=2674"},{"taxonomy":"post_tag","embeddable":true,"href":"http:\/\/www.e-cartable.fr\/vasa-lecture\/wp-json\/wp\/v2\/tags?post=2674"}],"curies":[{"name":"wp","href":"https:\/\/api.w.org\/{rel}","templated":true}]}}