{"id":10099,"date":"2023-04-13T07:45:50","date_gmt":"2023-04-13T06:45:50","guid":{"rendered":"http:\/\/www.e-cartable.fr\/vasa-lecture\/?p=10099"},"modified":"2023-04-13T07:49:08","modified_gmt":"2023-04-13T06:49:08","slug":"grebe-camilla-%e2%99%a6-un-cri-sous-la-glace","status":"publish","type":"post","link":"http:\/\/www.e-cartable.fr\/vasa-lecture\/grebe-camilla-%e2%99%a6-un-cri-sous-la-glace\/","title":{"rendered":"Gr\u00e8be Camilla &#x2666; Un cri sous la glace"},"content":{"rendered":"<p style=\"text-align: justify;\"><strong><a href=\"http:\/\/www.e-cartable.fr\/vasa-lecture\/?attachment_id=10097\" rel=\"attachment wp-att-10097\"><img decoding=\"async\" loading=\"lazy\" class=\"alignright wp-image-10097\" src=\"http:\/\/www.e-cartable.fr\/vasa-lecture\/wp-content\/uploads\/2023\/04\/Un-cri-sous-la-glace.jpg\" alt=\"\" width=\"194\" height=\"295\" srcset=\"http:\/\/www.e-cartable.fr\/vasa-lecture\/wp-content\/uploads\/2023\/04\/Un-cri-sous-la-glace.jpg 1400w, http:\/\/www.e-cartable.fr\/vasa-lecture\/wp-content\/uploads\/2023\/04\/Un-cri-sous-la-glace-197x300.jpg 197w, http:\/\/www.e-cartable.fr\/vasa-lecture\/wp-content\/uploads\/2023\/04\/Un-cri-sous-la-glace-768x1167.jpg 768w, http:\/\/www.e-cartable.fr\/vasa-lecture\/wp-content\/uploads\/2023\/04\/Un-cri-sous-la-glace-674x1024.jpg 674w, http:\/\/www.e-cartable.fr\/vasa-lecture\/wp-content\/uploads\/2023\/04\/Un-cri-sous-la-glace-220x334.jpg 220w\" sizes=\"(max-width: 194px) 100vw, 194px\" \/><\/a>Un Cri sous la Glace est le premier livre de la s\u00e9rie Hanne et Peter <\/strong>qui en compte 4 \u00e0 ce jour, mettant en sc\u00e8ne Hanne Lagerlind-Sch\u00f6n, une profileuse de talent venant en aide \u00e0 la police.<\/p>\n<p style=\"text-align: justify;\"><strong>Un formidable thriller psychologique p\u00e9tri d\u2019humanit\u00e9.<\/strong><\/p>\n<p style=\"text-align: justify;\">Emma, est une jeune vendeuse su\u00e9doise dans une boutique de mode faisant partie d\u2019une grande cha\u00eene internationale, Elle vit seule, n\u2019a pas d\u2019amis \u00e0 proprement parler si ce n\u2019est les deux autres jeunes femmes qui se font exploiter comme elle au travail. Un jour, le DRH de sa bo\u00eete vient au magasin, se fait servir par Emma et c\u2019est le d\u00e9but d\u2019une grande histoire d\u2019amour qui doit rester secr\u00e8te\u2026<\/p>\n<p style=\"text-align: justify;\">Son patron Jesper Orre, directeur g\u00e9n\u00e9ral de Clothes&amp;More dont les m\u00e9thodes de gestion, les affaires de c\u0153ur ou encore les d\u00e9clarations politiquement incorrectes agacent un grand nombre, qui dirige un empire de mode, lui a demand\u00e9 sa main. Mais il ne veut surtout pas qu\u2019elle \u00e9bruite la nouvelle.<\/p>\n<p style=\"text-align: justify;\">Deux mois plus tard, Jesper dispara\u00eet sans laisser de traces et l\u2019on retrouve dans sa superbe maison le cadavre d\u2019une femme, la t\u00eate tranch\u00e9e, pos\u00e9e juste \u00e0 c\u00f4t\u00e9 et tourn\u00e9e vers l&rsquo;entr\u00e9e. Personne ne parvient \u00e0 l\u2019identifier.<\/p>\n<p style=\"text-align: justify;\">Les d\u00e9tectives des homicides Peter Lindgren, policier \u00e9m\u00e9rite, et Manfred Olsson sont appel\u00e9s sur l\u2019affaire<\/p>\n<p style=\"text-align: justify;\">La mort a une ressemblance troublante avec un cas non r\u00e9solu d\u2019il y a dix ans, mais celui-ci a un suspect, le PDG Jesper Orre, qui est introuvable. Ils pensent qu\u2019il est leur homme, mais ils doivent trouver un mobile. Les deux se tournent vers la brillante profileuse criminelle Hanne Lagerlind-Sch\u00f6n pour obtenir de l\u2019aide.<\/p>\n<p style=\"text-align: justify;\">Peter et Hanne sont mis en tandem pour enqu\u00eater. Seul probl\u00e8me, ils ne se sont pas reparl\u00e9 depuis leur rupture amoureuse dix ans plus t\u00f4t. On d\u00e9couvre peu \u00e0 peu leur pass\u00e9, leur pr\u00e9sent, leurs forces et leurs faiblesses. Peter est divorc\u00e9, p\u00e8re d&rsquo;un gamin dont il se fout \u00e9perdument. Hanne, la cinquantaine, emprisonn\u00e9e dans son mariage, a aussi un secret : elle vient d\u2019apprendre que ses jours sont compt\u00e9s. Elle a des pertes de m\u00e9moire de plus en plus fr\u00e9quentes et Le m\u00e9decin consult\u00e9 lui a annonc\u00e9 qu\u2019elle souffre d\u2019Alzheimer pr\u00e9coce.<\/p>\n<p>&nbsp;<\/p>\n<p style=\"text-align: justify;\"><strong>L&rsquo;auteur :<\/strong><\/p>\n<p style=\"text-align: justify;\"><strong><a href=\"http:\/\/www.e-cartable.fr\/vasa-lecture\/?attachment_id=10098\" rel=\"attachment wp-att-10098\"><img decoding=\"async\" loading=\"lazy\" class=\"alignleft wp-image-10098 \" src=\"http:\/\/www.e-cartable.fr\/vasa-lecture\/wp-content\/uploads\/2023\/04\/Camilla-Gr\u00e8be.jpg\" alt=\"\" width=\"234\" height=\"364\" srcset=\"http:\/\/www.e-cartable.fr\/vasa-lecture\/wp-content\/uploads\/2023\/04\/Camilla-Gr\u00e8be.jpg 300w, http:\/\/www.e-cartable.fr\/vasa-lecture\/wp-content\/uploads\/2023\/04\/Camilla-Gr\u00e8be-193x300.jpg 193w, http:\/\/www.e-cartable.fr\/vasa-lecture\/wp-content\/uploads\/2023\/04\/Camilla-Gr\u00e8be-220x342.jpg 220w\" sizes=\"(max-width: 234px) 100vw, 234px\" \/><\/a>Camilla Grebe<\/strong>, n\u00e9e le 20 mars 1968 \u00e0 \u00c4lvsj\u00f6, est une romanci\u00e8re su\u00e9doise qui a grandi dans la balieue sud de Stockholm.<\/p>\n<p style=\"text-align: justify;\">D\u00e9tentrice d&rsquo;un ma\u00eetrise en administration des affaires (MBA) de l&rsquo;\u00c9cole d&rsquo;\u00e9conomie de Stockholm, elle fonde la maison d&rsquo;\u00e9dition Storyside, sp\u00e9cialis\u00e9e dans le livre audio. Elle y cumule les fonctions de directrice du marketing et de directrice g\u00e9n\u00e9rale, puis dirige une soci\u00e9t\u00e9 de conseil.<\/p>\n<p style=\"text-align: justify;\">En 2009, elle \u00e9crit, en collaboration avec sa s\u0153ur \u00c5sa Tr\u00e4ff\u00a0(de), qui est psychiatre, <strong><em>\u00c7a aurait pu \u00eatre le paradis<\/em><\/strong> (<em>N\u00e5gon sorts frid<\/em>), un roman policier qui se d\u00e9roule dans le milieu des cliniques psychiatriques, racontant les troubles psychotiques d\u2019une femme et ses s\u00e9ances chez la psy.. Ce roman est d\u2019autant plus authentique gr\u00e2ce \u00e0 la minutie presque m\u00e9dicale dont font preuve les \u00e9crivaines afin de d\u00e9crire les situations et les analyser tels des professionnelles.\u00a0Avec ce roman, elles sont salu\u00e9es comme les nouvelles voix du polar scandinave.<\/p>\n<p style=\"text-align: justify;\">\u00c0 la suite du grand succ\u00e8s de son polar, Camilla Grebe publie d\u2019autres polars.<\/p>\n<p style=\"text-align: justify;\">En 2015, elle a publi\u00e9 <strong><em>\u00ab\u00a0Un cri sous la glace\u00a0\u00bb<\/em><\/strong> = \u00ab\u00a0\u00c4lskaren fr\u00e5n huvudkontoret\u00a0\u00bb, son premier roman en solo.<\/p>\n<p style=\"text-align: justify;\">Elle encha\u00eenera avec <strong><em>\u00ab\u00a0Le Journal de ma disparition\u00a0\u00bb<\/em><\/strong> = \u00ab\u00a0Husdjuret\u00a0\u00bb, 2017, <strong><em>\u00ab\u00a0L&rsquo;Ombre de la baleine\u00a0\u00bb<\/em><\/strong> = \u00ab\u00a0Dvalan\u00a0\u00bb, 2018 puis <strong><em>\u00ab\u00a0L&rsquo;Archipel des larmes\u00a0\u00bb<\/em><\/strong> = \u00ab\u00a0Skuggj\u00e4garen\u00a0\u00bb, 2019.<\/p>\n<p style=\"text-align: justify;\">Elle a obtenu trois fois le Prix du meilleur roman policier su\u00e9dois, remis annuellement par la \u00ab\u00a0Svenska Deckarakademin\u00a0\u00bb (Acad\u00e9mie su\u00e9doise du roman policier) depuis 1982 : en 2017 pour <strong><em>\u00ab\u00a0Le Journal de ma disparition<\/em><\/strong><em>\u00ab\u00a0<\/em> et en 2019 et plus exceptionnel encore, \u00e0 nouveau en 2020 pour <strong><em>\u00ab\u00a0L&rsquo;Archipel des larmes\u00a0\u00bb<\/em><\/strong><em>.<\/em><\/p>\n<p style=\"text-align: justify;\">Laur\u00e9ate du prestigieux Glass Key Award, r\u00e9compensant le meilleur polar scandinave, pour <em><strong>L\u2019Ombre de la baleine<\/strong><\/em>, polar qui se d\u00e9roule \u00e0 Stuvsk\u00e4r, dans l&rsquo;archipel de Stockholm, o\u00f9 des cadavres de jeunes hommes sont rep\u00each\u00e9s.\u00a0L&rsquo;auteure d\u00e9veloppe dans cet opus des th\u00e8mes tr\u00e8s actuels comme l&rsquo;addiction aux r\u00e9seaux sociaux, qui donne l&rsquo;impression d&rsquo;exister et cr\u00e9e la confusion entre r\u00e9el et virtuel. Et pour <em><strong>L\u2019Archipel des larmes,<\/strong><\/em> roman qui raconte des crimes en s\u00e9ries concernant uniquement des femmes, dans un contexte o\u00f9 l&rsquo;arriv\u00e9e des femmes dans la police misogyne de l&rsquo;\u00e9poque est tr\u00e8s mal accept\u00e9e. Camilla Grebe \u00e9tudie avec son livre la double peine des femmes : le travail et la gestion de la maison.<\/p>\n<p style=\"text-align: justify;\">Elle a \u00e9galement remport\u00e9 le Prix des lecteurs du Livre de Poche en 2019 avec son thriller,<em> <strong>Le Journal de ma disparition<\/strong><\/em><strong>.<\/strong><\/p>\n<p style=\"text-align: justify;\">Elle a \u00e9crit cinq polars avec sa s\u0153ur (2009-2015) et trois autres (2013-2016) avec l&rsquo;un de ses amis, le financier Paul Leander-Engstr\u00f6m (1966), dont \u00ab\u00a0Dirigenten fr\u00e5n Sankt Petersburg\u00a0\u00bb (2013), adapt\u00e9 en s\u00e9rie t\u00e9l\u00e9vis\u00e9e en 2018.<\/p>\n<p style=\"text-align: justify;\">Ses ouvrages ont \u00e9t\u00e9 traduits en plus de vingt-cinq langues et se sont \u00e9coul\u00e9s \u00e0 plus de 2,5 millions d\u2019exemplaires partout dans le monde.<\/p>\n<p style=\"text-align: justify;\">Elle vit \u00e0 Stockholm.<\/p>\n<p>&nbsp;<\/p>\n<p style=\"text-align: justify;\"><strong>\u0152uvre\u00a0:<\/strong><\/p>\n<p style=\"text-align: justify;\"><strong>Romans\u00a0:<\/strong><\/p>\n<p style=\"text-align: justify;\"><strong>\u00a0\u00a0\u00a0\u00a0\u00a0\u00a0\u00a0\u00a0\u00a0\u00a0\u00a0 S\u00e9rie <em>Bergman<\/em> &#8211; <\/strong>\u00c9crite en collaboration avec \u00c5sa Tr\u00e4ff.<\/p>\n<ul style=\"text-align: justify;\">\n<li><em>N\u00e5gon sorts frid<\/em> (2009) &#8211; Publi\u00e9 en fran\u00e7ais sous le titre <strong><em>\u00c7a aurait pu \u00eatre le paradis<\/em>,<\/strong> 2010<\/li>\n<li><em>Bittrare \u00e4n d\u00f6den<\/em> (2010)<\/li>\n<li><em>Innan du dog<\/em> (2012)<\/li>\n<li><em>Mannen utan hj\u00e4rta<\/em> (2013)<\/li>\n<li><em>Eld och djupa vatten<\/em> (2015)<strong><br \/>\n<\/strong><\/li>\n<\/ul>\n<p style=\"text-align: justify;\"><strong>S\u00e9rie <em>Moskva Noir<\/em> &#8211; <\/strong>\u00c9crite en collaboration avec Paul Leander-Engstr\u00f6m\u00a0(sv).<\/p>\n<ul style=\"text-align: justify;\">\n<li><em>Dirigenten fr\u00e5n Sankt Petersburg<\/em> (2013)<\/li>\n<li><em>Handlaren fr\u00e5n Omsk<\/em> (2014)<\/li>\n<li><em>Den sovande spionen<\/em> (2015)<\/li>\n<\/ul>\n<p style=\"text-align: justify;\"><strong>S\u00e9rie Peter, Hanne, Malin <em>(traduits en fran\u00e7ais par Anna Postel)<\/em><\/strong><\/p>\n<ul style=\"text-align: justify;\">\n<li><em>\u00c4lskaren fr\u00e5n huvudkontoret<\/em> (2015) Publi\u00e9 en fran\u00e7ais sous le titre <strong><em>Un cri sous la glace<\/em>,<\/strong> 2017<\/li>\n<li><em>Husdjuret<\/em> (2017) Publi\u00e9 en fran\u00e7ais sous le titre <strong><em>Le Journal de ma disparition<\/em><\/strong>, 2018.<\/li>\n<li><em>Dvalan<\/em> (2018) &#8211; Publi\u00e9 en fran\u00e7ais sous le titre <strong><em>L&rsquo;Ombre de la baleine<\/em><\/strong>, 2019<\/li>\n<li><em>Skuggj\u00e4garen<\/em> (2019) &#8211; Publi\u00e9 en fran\u00e7ais sous le titre <strong><em>L&rsquo;Archipel des larmes<\/em>,<\/strong> 2020<\/li>\n<\/ul>\n<p style=\"text-align: justify;\"><strong>\u00a0<\/strong><\/p>\n<p style=\"text-align: justify;\"><strong>Autres romans<\/strong><\/p>\n<ul>\n<li style=\"text-align: justify;\"><em>Alla Ljuger<\/em> (2021) &#8211; Publi\u00e9 en fran\u00e7ais sous le titre <strong><em>L&rsquo;Horizon d&rsquo;une nuit<\/em>,<\/strong> 2022<\/li>\n<li style=\"text-align: justify;\"><em>V\u00e4lkommen till evigheten<\/em> (2022) &#8211; Publi\u00e9 en fran\u00e7ais sous le titre <strong><em>L&rsquo;\u00c9nigme de la Stuga<\/em>,<\/strong> 2023,<\/li>\n<\/ul>\n","protected":false},"excerpt":{"rendered":"<p>Un Cri sous la Glace est le premier livre de la.<\/p>\n","protected":false},"author":3,"featured_media":10097,"comment_status":"open","ping_status":"closed","sticky":false,"template":"","format":"standard","meta":{"footnotes":""},"categories":[675],"tags":[500],"jetpack_featured_media_url":"http:\/\/www.e-cartable.fr\/vasa-lecture\/wp-content\/uploads\/2023\/04\/Un-cri-sous-la-glace.jpg","_links":{"self":[{"href":"http:\/\/www.e-cartable.fr\/vasa-lecture\/wp-json\/wp\/v2\/posts\/10099"}],"collection":[{"href":"http:\/\/www.e-cartable.fr\/vasa-lecture\/wp-json\/wp\/v2\/posts"}],"about":[{"href":"http:\/\/www.e-cartable.fr\/vasa-lecture\/wp-json\/wp\/v2\/types\/post"}],"author":[{"embeddable":true,"href":"http:\/\/www.e-cartable.fr\/vasa-lecture\/wp-json\/wp\/v2\/users\/3"}],"replies":[{"embeddable":true,"href":"http:\/\/www.e-cartable.fr\/vasa-lecture\/wp-json\/wp\/v2\/comments?post=10099"}],"version-history":[{"count":0,"href":"http:\/\/www.e-cartable.fr\/vasa-lecture\/wp-json\/wp\/v2\/posts\/10099\/revisions"}],"wp:featuredmedia":[{"embeddable":true,"href":"http:\/\/www.e-cartable.fr\/vasa-lecture\/wp-json\/wp\/v2\/media\/10097"}],"wp:attachment":[{"href":"http:\/\/www.e-cartable.fr\/vasa-lecture\/wp-json\/wp\/v2\/media?parent=10099"}],"wp:term":[{"taxonomy":"category","embeddable":true,"href":"http:\/\/www.e-cartable.fr\/vasa-lecture\/wp-json\/wp\/v2\/categories?post=10099"},{"taxonomy":"post_tag","embeddable":true,"href":"http:\/\/www.e-cartable.fr\/vasa-lecture\/wp-json\/wp\/v2\/tags?post=10099"}],"curies":[{"name":"wp","href":"https:\/\/api.w.org\/{rel}","templated":true}]}}