{"id":10086,"date":"2023-04-10T13:12:50","date_gmt":"2023-04-10T12:12:50","guid":{"rendered":"http:\/\/www.e-cartable.fr\/vasa-lecture\/?p=10086"},"modified":"2023-05-07T19:22:16","modified_gmt":"2023-05-07T18:22:16","slug":"da-costa-melissa-%e2%99%a6-la-doublure","status":"publish","type":"post","link":"http:\/\/www.e-cartable.fr\/vasa-lecture\/da-costa-melissa-%e2%99%a6-la-doublure\/","title":{"rendered":"Da Costa M\u00e9lissa &#x2666; La doublure"},"content":{"rendered":"<p style=\"text-align: justify;\"><a href=\"http:\/\/www.e-cartable.fr\/vasa-lecture\/?attachment_id=10085\" rel=\"attachment wp-att-10085\"><img decoding=\"async\" loading=\"lazy\" class=\"alignright wp-image-10085 \" src=\"http:\/\/www.e-cartable.fr\/vasa-lecture\/wp-content\/uploads\/2023\/04\/La-doublure.jpg\" alt=\"\" width=\"158\" height=\"231\" srcset=\"http:\/\/www.e-cartable.fr\/vasa-lecture\/wp-content\/uploads\/2023\/04\/La-doublure.jpg 260w, http:\/\/www.e-cartable.fr\/vasa-lecture\/wp-content\/uploads\/2023\/04\/La-doublure-205x300.jpg 205w, http:\/\/www.e-cartable.fr\/vasa-lecture\/wp-content\/uploads\/2023\/04\/La-doublure-220x322.jpg 220w\" sizes=\"(max-width: 158px) 100vw, 158px\" \/><\/a>Dans ce roman sombre et envo\u00fbtant, M\u00e9lissa da Costa explore, \u00e0 travers l&rsquo;histoire d&rsquo;une passion toxique, la face obscure de l&rsquo;\u00e2me humaine et les m\u00e9andres du d\u00e9sir, la manipulation perverse, les relations toxiques, le poids du mensonge, la d\u00e9pendance.<\/p>\n<p style=\"text-align: justify;\"><!--more-->Le tout dans un d\u00e9cor artistique et cultuel morbide et macabre \u00e0 souhait. Il s&rsquo;agit d&rsquo;une plong\u00e9e hors du commun dans le monde de l&rsquo;art, de la peinture avec des r\u00e9f\u00e9rences passionnantes \u00e0 la cl\u00e9.<\/p>\n<p style=\"text-align: justify;\">Passion, faux-semblants, emprise&#8230; Qui manipule qui ? Une jeune femme fragile en qu\u00eate d&rsquo;un nouveau d\u00e9part. Un couple magn\u00e9tique et fascinant pr\u00eat \u00e0 lui ouvrir les portes de son monde dor\u00e9. Un trio pris au pi\u00e8ge d&rsquo;un jeu cruel et d&rsquo;une d\u00e9pendance fatale.<\/p>\n<p style=\"text-align: justify;\">Evie Perraud, une jeune fille de vingt-trois ans, gentille, d\u00e9vou\u00e9e, sensible, a tout quitt\u00e9 par amour &#8211; sa r\u00e9gion, sa famille, pour venir s&rsquo;installer \u00e0 Marseille, au plus pr\u00e8s de son marin dont elle est \u00e9perdument amoureuse depuis cinq ans, lequel n&rsquo;h\u00e9sitera pas, fort \u00e9go\u00efstement, \u00e0 mettre un oc\u00e9an entre eux, sans autre forme de proc\u00e8s, sans prendre en compte ses sentiments \u00e0 elle pour aller monter une affaire au Br\u00e9sil. Et donc, qu\u2019il ne reviendra pas en France.<\/p>\n<p style=\"text-align: justify;\"><em>Elle ne parle plus \u00e0 ses parents, qui vivent en Alsace. Elle en a assez de Marseille et de ses petits jobs. Elle veut autre chose. Elle veut devenir h\u00f4tesse sur un yacht. <\/em>Sans attache, d\u00e9sempar\u00e9e,<em> la voil\u00e0 qui s\u2019en va sur le port distribuer ses CV, sans succ\u00e8s, lorsqu\u2019un homme la h\u00e8le, du pont de son yacht. La quarantaine, beau, \u00e0 l\u2019aise, il lui demande si elle cherche un travail.<\/em><\/p>\n<p style=\"text-align: justify;\">Pierre Manan, richissime homme d&rsquo;affaires, propri\u00e9taire d\u2019un yacht qui mouille sur le port de Marseille et qui habite Saint-Paul-de-Vence, est en qu\u00eate d&rsquo;une assistante pour sa femme Clara, artiste peintre qui appartient au courant du romantisme noir et qui commence \u00e0 peine \u00e0 se faire conna\u00eetre sous le nom de Calypso Montant. Il lui propose de d\u00eener avec elle, le lendemain \u00e0 Saint Paul de Vence pour lui parler de ce job avec un salaire mirobolant de 4000\u20ac nets par mois, ultime tentation pour une fille ayant, il faut le dire, pas mal connu de d\u00e9boires financiers. <em>Pr\u00eate \u00e0 tout, Evie, m\u00eame si elle n\u2019a jamais fait ce genre de travail, accepte de devenir l\u2019assistante de sa femme.<\/em><\/p>\n<p style=\"text-align: justify;\"><em>Ils l\u2019accueillent avec chaleur dans leur maison historique qu\u2019ils habitent. Si elle le peut ou le veut, elle sera log\u00e9e dans la petite maison toute en hauteur. Elle mangera avec eux au moins matins et soirs. Evie est transport\u00e9e d\u2019admiration devant le luxe de l\u2019habitation, et du couple lui-m\u00eame, aussi bien dans leur fa\u00e7on de s\u2019habiller que dans leur naturel. Et leur amour, qu\u2019ils ne se g\u00eanent pas d\u2019\u00e9taler devant leur invit\u00e9e.<\/em><\/p>\n<p style=\"text-align: justify;\">Au fil du temps, elle va comprendre que, ce qu&rsquo;on attend d&rsquo;elle, ne se limite pas uniquement \u00e0 organiser des expos et r\u00e9pondre aux mails de sa patronne. Clara, qui ne veut pas se pr\u00eater aux jeux des journalistes, ni se montrer en public, qui ne veut que se consacrer \u00e0 ses tableaux, attendra d&rsquo;Evie qui se rend compte qu\u2019elle lui ressemble incroyablement, qu&rsquo;elle devienne son image, son double, <strong>sa doublure<\/strong>&#8230;<\/p>\n<p style=\"text-align: justify;\">La toxicit\u00e9 du couple va vite se r\u00e9v\u00e9ler, enserrant Evie dans une toile d&rsquo;araign\u00e9e, et le pi\u00e8ge de l&#8217;emprise va vite se refermer sur elle.<\/p>\n<p style=\"text-align: justify;\">Adepte du \u00ab\u00a0romantisme\u00a0\u00bb noir, un genre n\u00e9 en Grande-Bretagne \u00e0 la fin du XVIII\u00e8me si\u00e8cle, l&rsquo;artiste peint des sc\u00e8nes de torture, de violence, de viol, de sacrifices humains, de cannibalisme, de mort, d\u2019agonie, et a t\u00f4t fait de fasciner sa doublure. Clara lui inculque tous les fondamentaux de son \u0153uvre : ses influences, ses r\u00e9f\u00e9rences, son inspiration et son histoire. Fascin\u00e9e, Evie avale les informations sur le romantisme noir qu\u2019affectionne Clara. Ce qu\u2019elle apprend la trouble, notamment tout ce qui concerne le personnage de Lilith, femme d\u00e9moniaque de la religion juive, suppos\u00e9e avoir \u00e9t\u00e9 l\u2019\u00e9pouse d\u2019Adam avant que ce dernier ne re\u00e7oive Eve.<\/p>\n<p style=\"text-align: justify;\">Mais l\u2019initiation est aussi perverse : Clara pousse le vice jusqu\u2019\u00e0 lui pr\u00eater son alliance, le temps de soir\u00e9es mondaines. Signe de connivence que, Pierre qui accompagne \u00e0 chaque fois Evie sous le nom d\u2019artiste \u00ab\u00a0Calypso Montant\u00a0\u00bb, peut profiter de sa \u00ab\u00a0femme\u00a0\u00bb jusqu\u2019\u00e0 la remise de l\u2019alliance. Un mariage libre, de toute \u00e9vidence, dont la candide Evie d\u00e9couvre peu \u00e0 peu le m\u00e9canisme machiav\u00e9lique.<\/p>\n<p style=\"text-align: justify;\">C&rsquo;est Evie qui se d\u00e9placera l\u00e0 o\u00f9 on attend l&rsquo;artiste, qui donnera le change, toujours au bras de son pseudo-mari Pierre. Tant\u00f4t Calypso, tant\u00f4t Evie, ses sentiments et impressions finissent par se m\u00e9langer. Elle basculera dans un monde auquel elle n&rsquo;\u00e9tait pas pr\u00e9par\u00e9e. Drogues, \u00e9changisme, romantisme noir r\u00e9v\u00e9leront sa vraie personnalit\u00e9&#8230;<\/p>\n<p style=\"text-align: justify;\">Cependant, la jeune femme s\u2019\u00e9prend peu \u00e0 peu de Pierre. Elle sait que Clara m\u00e8ne la danse et qu\u2019elle ne doit pas outrepasser les r\u00e8gles exig\u00e9es par sa patronne. Les rares fois o\u00f9 elle d\u00e9sob\u00e9it, la sanction est imm\u00e9diate, cinglante\u2026<\/p>\n<p style=\"text-align: justify;\">Et l\u2019animosit\u00e9 d\u2019Evie de grandir : apr\u00e8s tout, Clara a besoin d\u2019elle, puisque le public maintenant identifie Calypso Montant sous les traits d\u2019Evie. Alors elle aussi peut d\u00e9cider des r\u00e8gles du jeu. Et le duo de femmes de devenir duel au-fur-et-\u00e0-mesure du roman, des vernissages et des salons, soit autant de moments qu\u2019Evie partage avec son amant, avec ou sans l\u2019alliance de Clara.<\/p>\n<p>&nbsp;<\/p>\n<p style=\"text-align: justify;\"><strong>L&rsquo;auteur :<\/strong><\/p>\n<p style=\"text-align: justify;\"><strong><a href=\"http:\/\/www.e-cartable.fr\/vasa-lecture\/?attachment_id=9925\" rel=\"attachment wp-att-9925\"><img decoding=\"async\" loading=\"lazy\" class=\"alignleft wp-image-9925 \" src=\"http:\/\/www.e-cartable.fr\/vasa-lecture\/wp-content\/uploads\/2023\/01\/M\u00e9lissa-da-Costa.jpg\" alt=\"\" width=\"276\" height=\"276\" srcset=\"http:\/\/www.e-cartable.fr\/vasa-lecture\/wp-content\/uploads\/2023\/01\/M\u00e9lissa-da-Costa.jpg 444w, http:\/\/www.e-cartable.fr\/vasa-lecture\/wp-content\/uploads\/2023\/01\/M\u00e9lissa-da-Costa-150x150.jpg 150w, http:\/\/www.e-cartable.fr\/vasa-lecture\/wp-content\/uploads\/2023\/01\/M\u00e9lissa-da-Costa-300x300.jpg 300w, http:\/\/www.e-cartable.fr\/vasa-lecture\/wp-content\/uploads\/2023\/01\/M\u00e9lissa-da-Costa-220x220.jpg 220w, http:\/\/www.e-cartable.fr\/vasa-lecture\/wp-content\/uploads\/2023\/01\/M\u00e9lissa-da-Costa-120x120.jpg 120w\" sizes=\"(max-width: 276px) 100vw, 276px\" \/><\/a>M\u00e9lissa Da Costa<\/strong>, n\u00e9e le 7 ao\u00fbt 1990, est une romanci\u00e8re fran\u00e7aise, autrice de best-sellers. Assimil\u00e9e autrice <em>Feel-Good<\/em>, elle r\u00e9fute cependant cette \u00e9tiquette.<\/p>\n<p style=\"text-align: justify;\">Elle grandit \u00e0 la campagne dans l&rsquo;Ain, pr\u00e8s de M\u00e2con. Son p\u00e8re travaille dans le b\u00e2timent et sa m\u00e8re est assistante maternelle.<\/p>\n<p style=\"text-align: justify;\">Elle \u00e9crit depuis toute petite mais ne se sent pas l\u00e9gitime pour devenir \u00e9crivain. D\u00e8s qu\u2019elle rentrait de l\u2019\u00e9cole, elle prenait une feuille et des stylos et elle s\u2019inventait des histoires. Elle avait compris qu\u2019\u00e9crire c\u2019\u00e9tait se donner des pouvoirs magiques et vivre mille et une vies. Mais de l\u00e0 \u00e0 en faire son m\u00e9tier\u2026 Par s\u00e9curit\u00e9 et bonne \u00e9l\u00e8ve, elle pr\u00e9f\u00e8re passer sagement un BAC \u00e9conomique plut\u00f4t que de choisir l\u2019option litt\u00e9raire car on lui disait qu\u2019il y avait plus de d\u00e9bouch\u00e9s dans cette voie-l\u00e0.<\/p>\n<p style=\"text-align: justify;\">Apr\u00e8s des \u00e9tudes d&rsquo;\u00e9conomie et de gestion \u00e0 l&rsquo;Institut d&rsquo;administration des entreprises de Lyon (IAE) (2008-2011), elle occupe un emploi de charg\u00e9e de communication dans le domaine de l\u2019\u00e9nergie et du climat.<\/p>\n<p style=\"text-align: justify;\">Elle suit \u00e9galement des formations en aromath\u00e9rapie, naturopathie et sophrologie.<\/p>\n<p style=\"text-align: justify;\">Jusqu\u2019a\u0300 ses 25 ans, celle qui s\u2019est envisag\u00e9e un temps psychologue n\u2019a laiss\u00e9\u0301 a\u0300 personne le droit de d\u00e9couvrir ses histoires, m\u00eame pas a\u0300 ses parents. \u00ab Par pudeur \u00bb, se justifie-t-elle. Mais sans l\u2019air d\u2019y toucher, M\u00e9lissa d\u00e9cide de forcer le destin.<\/p>\n<p style=\"text-align: justify;\">En 2018, elle publie son premier roman sur une plateforme d\u2019auto\u00e9dition d\u2019Amazon. H\u00e9las, il ne se passe rien. Elle r\u00e9it\u00e8re quelques mois plus tard sur une autre plateforme, Monbestseller.com. Miracle\u00a0! \u00c7a fonctionne. M\u00e9lissa est class\u00e9e alors dans les coups de c\u0153ur, d\u00e9croche une petite interview et se voit m\u00eame publi\u00e9e par une maison d\u2019\u00e9dition, Carnets Nord. Renomm\u00e9 <strong><em>Tout le bleu du ciel<\/em>,<\/strong> le roman conna\u00eet un succ\u00e8s important et est publi\u00e9 en poche.<\/p>\n<p style=\"text-align: justify;\">Suivront d&rsquo;autres titres publi\u00e9s chez Albin Michel, <strong><em>Les Lendemains<\/em><\/strong> (2020), <strong><em>Je revenais des autres<\/em><\/strong> (2021), <strong><em>Les Douleurs fant\u00f4mes<\/em><\/strong> (2022). Ses romans sont des best-sellers, ils figurent dans le top 10 des livres les plus vendus en France en 2021.<\/p>\n<p style=\"text-align: justify;\">Aujourd\u2019hui, Me\u0301lissa vit toujours dans une petite maison a\u0300 quarante-cinq minutes de Paris, avec son mari et leur fils, Martin de deux ans.<\/p>\n<p style=\"text-align: justify;\"><strong>\u0152uvre litt\u00e9raire\u00a0:<\/strong><\/p>\n<p style=\"text-align: justify;\"><strong>Romans<\/strong><\/p>\n<ul style=\"text-align: justify;\">\n<li><strong><em>Tout le bleu du ciel<\/em><\/strong>, Carnets nord, 2019 &#8211; R\u00e9\u00e9dition, Le Livre de poche, 2020<\/li>\n<li><strong><em>Les Lendemains<\/em><\/strong>, Albin Michel, 2020 &#8211; R\u00e9\u00e9dition, Le Livre de poche, 2021<\/li>\n<li><strong><em>Je revenais des autres<\/em><\/strong>, Albin Michel, 2021 &#8211; R\u00e9\u00e9dition, Le Livre de poche, 2022<\/li>\n<li><strong><em>Les Douleurs fant\u00f4mes<\/em><\/strong> (Suite de <em>Je revenais des autres<\/em>), Albin Michel, 2022<\/li>\n<li><strong><em>La Doublure<\/em><\/strong>, Albin Michel, 2022<\/li>\n<\/ul>\n<p style=\"text-align: justify;\"><strong>Distinctions<\/strong><\/p>\n<ul>\n<li style=\"text-align: justify;\">Prix Alain-Fournier 2020 pour <em>Tout le bleu du ciel<\/em><\/li>\n<li style=\"text-align: justify;\">Prix du roman Cezam 2020 pour <em>Tout le bleu du ciel<\/em><\/li>\n<li style=\"text-align: justify;\">Prix Babelio cat\u00e9gorie Litt\u00e9rature fran\u00e7aise 2022 pour <em>Les douleurs fant\u00f4mes<\/em>.<\/li>\n<\/ul>\n","protected":false},"excerpt":{"rendered":"<p>Dans ce roman sombre et envo\u00fbtant, M\u00e9lissa da Costa explore, \u00e0.<\/p>\n","protected":false},"author":3,"featured_media":10085,"comment_status":"open","ping_status":"closed","sticky":false,"template":"","format":"standard","meta":{"footnotes":""},"categories":[675],"tags":[666],"jetpack_featured_media_url":"http:\/\/www.e-cartable.fr\/vasa-lecture\/wp-content\/uploads\/2023\/04\/La-doublure.jpg","_links":{"self":[{"href":"http:\/\/www.e-cartable.fr\/vasa-lecture\/wp-json\/wp\/v2\/posts\/10086"}],"collection":[{"href":"http:\/\/www.e-cartable.fr\/vasa-lecture\/wp-json\/wp\/v2\/posts"}],"about":[{"href":"http:\/\/www.e-cartable.fr\/vasa-lecture\/wp-json\/wp\/v2\/types\/post"}],"author":[{"embeddable":true,"href":"http:\/\/www.e-cartable.fr\/vasa-lecture\/wp-json\/wp\/v2\/users\/3"}],"replies":[{"embeddable":true,"href":"http:\/\/www.e-cartable.fr\/vasa-lecture\/wp-json\/wp\/v2\/comments?post=10086"}],"version-history":[{"count":0,"href":"http:\/\/www.e-cartable.fr\/vasa-lecture\/wp-json\/wp\/v2\/posts\/10086\/revisions"}],"wp:featuredmedia":[{"embeddable":true,"href":"http:\/\/www.e-cartable.fr\/vasa-lecture\/wp-json\/wp\/v2\/media\/10085"}],"wp:attachment":[{"href":"http:\/\/www.e-cartable.fr\/vasa-lecture\/wp-json\/wp\/v2\/media?parent=10086"}],"wp:term":[{"taxonomy":"category","embeddable":true,"href":"http:\/\/www.e-cartable.fr\/vasa-lecture\/wp-json\/wp\/v2\/categories?post=10086"},{"taxonomy":"post_tag","embeddable":true,"href":"http:\/\/www.e-cartable.fr\/vasa-lecture\/wp-json\/wp\/v2\/tags?post=10086"}],"curies":[{"name":"wp","href":"https:\/\/api.w.org\/{rel}","templated":true}]}}