{"id":10073,"date":"2023-03-26T08:18:22","date_gmt":"2023-03-26T07:18:22","guid":{"rendered":"http:\/\/www.e-cartable.fr\/vasa-lecture\/?p=10073"},"modified":"2023-03-26T08:18:22","modified_gmt":"2023-03-26T07:18:22","slug":"valognes-aurelie-%e2%99%a6-lenvol","status":"publish","type":"post","link":"http:\/\/www.e-cartable.fr\/vasa-lecture\/valognes-aurelie-%e2%99%a6-lenvol\/","title":{"rendered":"Valognes Aur\u00e9lie &#x2666; L&rsquo;envol"},"content":{"rendered":"<p style=\"text-align: justify;\"><a href=\"http:\/\/www.e-cartable.fr\/vasa-lecture\/?attachment_id=10071\" rel=\"attachment wp-att-10071\"><img decoding=\"async\" loading=\"lazy\" class=\"alignright wp-image-10071 \" src=\"http:\/\/www.e-cartable.fr\/vasa-lecture\/wp-content\/uploads\/2023\/03\/Lenvol.jpg\" alt=\"\" width=\"112\" height=\"168\" srcset=\"http:\/\/www.e-cartable.fr\/vasa-lecture\/wp-content\/uploads\/2023\/03\/Lenvol.jpg 260w, http:\/\/www.e-cartable.fr\/vasa-lecture\/wp-content\/uploads\/2023\/03\/Lenvol-201x300.jpg 201w, http:\/\/www.e-cartable.fr\/vasa-lecture\/wp-content\/uploads\/2023\/03\/Lenvol-220x329.jpg 220w\" sizes=\"(max-width: 112px) 100vw, 112px\" \/><\/a>Un roman touchant, beau et \u00e9mouvant sur l\u2019amour filial, qui interroge les diff\u00e9rences de classes, les notions de r\u00e9ussite et de bonheur, et qui pose surtout la question que nous avons tous d\u00fb affronter : peut-on grandir sans trahir ?<\/p>\n<p style=\"text-align: justify;\"><!--more-->C\u2019est un roman qui met en avant les relations m\u00e8re fille, les familles mono parentales, les diff\u00e9rences de classes, et qui est f\u00e9ministe, de par le personnage de Lili qui entend r\u00e9ussir par elle-m\u00eame et uniquement par elle-m\u00eame.<\/p>\n<p style=\"text-align: justify;\">Entre une m\u00e8re et sa fille, l\u2019amour reste toujours fragile.<\/p>\n<p style=\"text-align: justify;\">Entre bienveillance et malentendus, envie d\u2019\u00eatre ensemble et d\u00e9sir d\u2019\u00e9mancipation, portraits crois\u00e9s d\u2019une m\u00e8re c\u00e9libataire et de sa fille unique. D\u2019abord fusionnelle, leur relation se distend quand l\u2019\u00e9cole puis l\u2019ascension sociale de la fille viennent heurter les r\u00eaves plus modestes de la m\u00e8re.<\/p>\n<p style=\"text-align: justify;\">\n<p style=\"text-align: justify;\"><strong>L&rsquo;auteur :<\/strong><\/p>\n<p style=\"text-align: justify;\"><strong><a href=\"http:\/\/www.e-cartable.fr\/vasa-lecture\/?attachment_id=6047\" rel=\"attachment wp-att-6047\"><img decoding=\"async\" loading=\"lazy\" class=\"alignleft wp-image-6047 \" src=\"http:\/\/www.e-cartable.fr\/vasa-lecture\/wp-content\/uploads\/2017\/04\/Aur\u00e9lie-Valognes.jpg\" alt=\"\" width=\"276\" height=\"300\" srcset=\"http:\/\/www.e-cartable.fr\/vasa-lecture\/wp-content\/uploads\/2017\/04\/Aur\u00e9lie-Valognes.jpg 408w, http:\/\/www.e-cartable.fr\/vasa-lecture\/wp-content\/uploads\/2017\/04\/Aur\u00e9lie-Valognes-276x300.jpg 276w, http:\/\/www.e-cartable.fr\/vasa-lecture\/wp-content\/uploads\/2017\/04\/Aur\u00e9lie-Valognes-220x239.jpg 220w\" sizes=\"(max-width: 276px) 100vw, 276px\" \/><\/a>Aur\u00e9lie Valognes<\/strong>, n\u00e9e en 1983 \u00e0 Chatenay-Malabry dans le d\u00e9partement des hauts de Seine est une auteure fran\u00e7aise de litt\u00e9rature contemporaine. Elle a grandi en r\u00e9gion parisienne \u00e0 Massy avant de faire ses \u00e9tudes sup\u00e9rieures \u00e0 Reims. Elle est issue d\u2019une famille modeste\u00a0: son p\u00e8re est peintre automobile et sa m\u00e8re Atsem en maternelle. Elle passe sa jeunesse \u00e0 Massy, commune voisine dans le d\u00e9partement de l&rsquo;Essonne. Attir\u00e9e d\u00e8s l\u2019enfance par le m\u00e9tier d\u2019\u00e9crivain, elle va cependant s\u2019orienter vers une \u00e9cole de commerce.<\/p>\n<p style=\"text-align: justify;\">A l&rsquo;issue de ses \u00e9tudes secondaires, elle int\u00e8gre l\u2019\u00c9cole Sup\u00e9rieure de Commerce NEOMA Business School (ESC Reims) dont elle sort dipl\u00f4m\u00e9e en 2007.<\/p>\n<p style=\"text-align: justify;\">Aur\u00e9lie Valognes est sp\u00e9cialis\u00e9e en communication et en marketing, et a exerc\u00e9 au sein de diverses entreprises (Mars, Procter &amp; Gamble) et pays (Italie, Suisse, France, Belgique, Pays-Bas).<\/p>\n<p style=\"text-align: justify;\">En 2013, la mutation de son mari, cadre chez L\u2019Or\u00e9al, \u00e0 Milan lui fournit cette opportunit\u00e9. Aur\u00e9lie d\u00e9cide d\u2019abandonner son travail (cadre marketing dans une multinationale) \u00e0 Paris et de r\u00e9aliser son r\u00eave : \u00e9crire un livre. M\u00e8re de deux petits gar\u00e7ons, elle commence alors ses recherches d\u2019intrigues et de personnages.<\/p>\n<p style=\"text-align: justify;\">La jeune expatri\u00e9e d\u00e9cide de prendre des cours d\u2019italien et s\u2019inscrit \u00e0 la biblioth\u00e8que de l\u2019Institut de France. Elle se lance ensuite un d\u00e9fi et s\u2019att\u00e8le \u00e0 l\u2019\u00e9criture de son premier roman.\u00a0Sur internet, elle recherche des conseils pratiques et visionne des tutos d\u2019\u00e9criture sur Youtube.<\/p>\n<p style=\"text-align: justify;\">Apr\u00e8s 4 mois d\u2019un travail intense, elle publie son premier roman, <em>M\u00e9m\u00e9 dans les orties<\/em>, en juillet 2014 en auto\u00e9dition sur Kindle Direct Publishing, puis chez Michel Lafon, qui se vend \u00e0 plus de 300\u00a0000\u00a0exemplaires et fut traduit dans plusieurs pays (\u00c9tats-Unis, Royaume-Uni, Allemagne, Italie, Cor\u00e9e, Chine, Slov\u00e9nie&#8230;). Cheminement original et r\u00e9ussi pour un premier roman : celui de l&rsquo;auto\u00e9dition. La version \u00e9dit\u00e9e au Livre de poche sera un des best-sellers de l&rsquo;ann\u00e9e 2016.<\/p>\n<p style=\"text-align: justify;\">Parall\u00e8lement, elle retrouve un poste de cadre marketing dans un groupe agroalimentaire. Chez un fabricant de chocolat. Mais leur m\u00e9tier, \u00e0 elle et \u00e0 son mari, tous deux cadres sup\u00e9rieurs, ne leur laisse que tr\u00e8s peu de temps de libert\u00e9. Tous les deux avaient envie d\u2019avoir du temps, de profiter de leurs deux petits gar\u00e7ons\u2026 Ils habitaient Milan et adoraient l\u2019Italie, mais lorsque la question d\u2019une mutation en Chine ou au Japon s\u2019est pos\u00e9e, ils ont dit stop.<\/p>\n<p style=\"text-align: justify;\">Lorsqu\u2019il leur a fallu choisir un point de chute, il leur \u00e9tait hors de question de revenir \u00e0 Paris ni m\u00eame \u00e0 Massy, ville de l\u2019Essonne o\u00f9 Aur\u00e9lie Valognes a pass\u00e9 son enfance. La Bretagne s\u2019est impos\u00e9e<strong>. \u00ab\u00a0Son mari est n\u00e9 \u00e0 Rennes, ses fr\u00e8res sont \u00e0 Saint-Malo, ses parents ont une maison \u00e0 Fr\u00e9hel.\u00a0\u00bb<\/strong><\/p>\n<p style=\"text-align: justify;\">Elle publie ensuite un roman chaque ann\u00e9e de 2016 \u00e0 2020, chacun de ses romans se classant dans les meilleures ventes de l&rsquo;ann\u00e9e de parution.<\/p>\n<p style=\"text-align: justify;\">En 2016 sort son second roman, <em>Nos adorables belles-filles<\/em>, aux \u00e9ditions Michel Lafon. Ce roman est renomm\u00e9 <em>En voiture, Simone<\/em> lors de sa parution au Livre de Poche en 2017.<\/p>\n<p style=\"text-align: justify;\">Son troisi\u00e8me roman \u00ab\u00a0<em>Minute, Papillon\u00a0!\u00a0\u00bb<\/em> est publi\u00e9 en Avril 2017 par les \u00e9ditions Fayard Mazarine.<\/p>\n<p style=\"text-align: justify;\">Son quatri\u00e8me roman <em>\u00ab\u00a0Au petit bonheur la chance\u00a0\u00bb,<\/em> est paru en 2018 aux \u00e9ditions Mazarine et le succ\u00e8s ne se d\u00e9ment pas. En 2018, elle est selon le classement GFK-Le Figaro, quatri\u00e8me \u00e9crivain fran\u00e7ais en nombre de livres vendus, juste devant Marc Levy et premi\u00e8re femme de ce classement.<\/p>\n<p style=\"text-align: justify;\">Son dernier et sixi\u00e8me roman <em>\u00ab\u00a0N\u00e9 sous une bonne \u00e9toile\u00a0\u00bb<\/em> b\u00e9n\u00e9ficie d&rsquo;un tirage de 120.000 exemplaires. Il peut se lire comme un hommage au monde enseignant. Elle profite aussi de son intrigue pour raconter de fa\u00e7on subtile les difficult\u00e9s du quotidien dans les cit\u00e9s de banlieue, de la violence sociale, du harc\u00e8lement subi notamment par les jeunes filles&#8230; Son pr\u00e9c\u00e9dent best-seller, \u00ab\u00a0<em>La cerise sur le g\u00e2teau\u00a0\u00bb,<\/em> publi\u00e9 l&rsquo;ann\u00e9e pr\u00e9c\u00e9dente, sort simultan\u00e9ment en Livre de Poche.<\/p>\n<p style=\"text-align: justify;\">Elle est mari\u00e9e (avec le fr\u00e8re du mari de Sophie Tal Men) et m\u00e8re de deux petits gar\u00e7ons\u00a0: Jules, 8 ans et Gaspard, 4 ans.<\/p>\n<p style=\"text-align: justify;\">Elle a v\u00e9cu \u00e0 Milan en Italie jusqu\u2019en 2018, mais vit maintenant \u00e0 Dinard, station baln\u00e9aire d&rsquo;Ille-et-Vilaine en Bretagne, dans une maison 1900 avec un joli jardin plein de roses et une vue sur la mer turquoise.<\/p>\n<p style=\"text-align: justify;\">\n<p style=\"text-align: justify;\">Elle est engag\u00e9e pour la d\u00e9mocratisation de la lecture, particuli\u00e8rement aupr\u00e8s des plus jeunes. Elle est marraine de l&rsquo;association \u00ab\u00a0Silence on lit\u00a0!\u00a0\u00bb et se rend dans les \u00e9coles et les coll\u00e8ges pour promouvoir le plaisir de la lecture.<\/p>\n<p style=\"text-align: justify;\">Elle soutient l&rsquo;action de l&rsquo;Unicef France pour l&rsquo;\u00e9ducation des enfants en participant notamment \u00e0 plusieurs recueils de nouvelles dont les b\u00e9n\u00e9fices sont revers\u00e9s \u00e0 l&rsquo;UNICEF (\u00ab\u00a0Exils\u00a0\u00bb en 2019 et \u00ab\u00a0Graines de h\u00e9ros\u00a0\u00bb en 2020).<\/p>\n<p style=\"text-align: justify;\">Dans ses romans, elle aborde \u00e9galement la question du f\u00e9minisme\u00a0: le droit \u00e0 l&rsquo;avortement dans \u00ab\u00a0Au petit bonheur la chance\u00a0\u00bb et la charge mentale dans \u00ab\u00a0En voiture, Simone\u00a0\u00bb. Elle signe \u00e9galement en f\u00e9vrier 2020 une tribune pour d\u00e9noncer les violences sexuelles et les comportements sexistes dans le milieu de l&rsquo;\u00e9dition.<\/p>\n<p style=\"text-align: justify;\">\n<p style=\"text-align: justify;\"><strong>\u0152uvre\u00a0:<\/strong><\/p>\n<ul style=\"text-align: justify;\">\n<li><em>M\u00e9m\u00e9 dans les orties<\/em>, 2014<\/li>\n<li><em>Nos adorables belles-filles<\/em>, 2016, renomm\u00e9 <em>En voiture, Simone<\/em> en 2017<\/li>\n<li><em>Minute, Papillon\u00a0!<\/em>, 2017<\/li>\n<li><em>Au petit bonheur la chance, 2018<\/em><\/li>\n<li><em>La cerise sur le g\u00e2teau, 2019<\/em><\/li>\n<li><em>N\u00e9 sous une bonne \u00e9toile, 2020<\/em><\/li>\n<li><em>Le tourbillon de la vie, 2021<\/em><\/li>\n<li><em>L\u2019envol, 2023<\/em><\/li>\n<\/ul>\n<p style=\"text-align: justify;\"><strong>\u00a0<\/strong><\/p>\n<p style=\"text-align: justify;\"><strong>Litt\u00e9rature Jeunesse\u00a0:<\/strong><\/p>\n<ul>\n<li style=\"text-align: justify;\"><em>Le loup qui pr\u00e9f\u00e9rait les carottes<\/em>, 2020<\/li>\n<\/ul>\n","protected":false},"excerpt":{"rendered":"<p>Un roman touchant, beau et \u00e9mouvant sur l\u2019amour filial, qui interroge.<\/p>\n","protected":false},"author":3,"featured_media":10071,"comment_status":"open","ping_status":"closed","sticky":false,"template":"","format":"standard","meta":{"footnotes":""},"categories":[674],"tags":[386],"jetpack_featured_media_url":"http:\/\/www.e-cartable.fr\/vasa-lecture\/wp-content\/uploads\/2023\/03\/Lenvol.jpg","_links":{"self":[{"href":"http:\/\/www.e-cartable.fr\/vasa-lecture\/wp-json\/wp\/v2\/posts\/10073"}],"collection":[{"href":"http:\/\/www.e-cartable.fr\/vasa-lecture\/wp-json\/wp\/v2\/posts"}],"about":[{"href":"http:\/\/www.e-cartable.fr\/vasa-lecture\/wp-json\/wp\/v2\/types\/post"}],"author":[{"embeddable":true,"href":"http:\/\/www.e-cartable.fr\/vasa-lecture\/wp-json\/wp\/v2\/users\/3"}],"replies":[{"embeddable":true,"href":"http:\/\/www.e-cartable.fr\/vasa-lecture\/wp-json\/wp\/v2\/comments?post=10073"}],"version-history":[{"count":0,"href":"http:\/\/www.e-cartable.fr\/vasa-lecture\/wp-json\/wp\/v2\/posts\/10073\/revisions"}],"wp:featuredmedia":[{"embeddable":true,"href":"http:\/\/www.e-cartable.fr\/vasa-lecture\/wp-json\/wp\/v2\/media\/10071"}],"wp:attachment":[{"href":"http:\/\/www.e-cartable.fr\/vasa-lecture\/wp-json\/wp\/v2\/media?parent=10073"}],"wp:term":[{"taxonomy":"category","embeddable":true,"href":"http:\/\/www.e-cartable.fr\/vasa-lecture\/wp-json\/wp\/v2\/categories?post=10073"},{"taxonomy":"post_tag","embeddable":true,"href":"http:\/\/www.e-cartable.fr\/vasa-lecture\/wp-json\/wp\/v2\/tags?post=10073"}],"curies":[{"name":"wp","href":"https:\/\/api.w.org\/{rel}","templated":true}]}}