{"id":10072,"date":"2023-03-26T08:14:54","date_gmt":"2023-03-26T07:14:54","guid":{"rendered":"http:\/\/www.e-cartable.fr\/vasa-lecture\/?p=10072"},"modified":"2023-03-26T08:15:46","modified_gmt":"2023-03-26T07:15:46","slug":"da-costa-melissa-%e2%99%a6-les-lendemains","status":"publish","type":"post","link":"http:\/\/www.e-cartable.fr\/vasa-lecture\/da-costa-melissa-%e2%99%a6-les-lendemains\/","title":{"rendered":"Da Costa M\u00e9lissa &#x2666; Les lendemains"},"content":{"rendered":"<p style=\"text-align: justify;\"><a href=\"http:\/\/www.e-cartable.fr\/vasa-lecture\/?attachment_id=10070\" rel=\"attachment wp-att-10070\"><img decoding=\"async\" loading=\"lazy\" class=\"alignright wp-image-10070 \" src=\"http:\/\/www.e-cartable.fr\/vasa-lecture\/wp-content\/uploads\/2023\/03\/Les-lendemains.jpg\" alt=\"\" width=\"132\" height=\"194\" srcset=\"http:\/\/www.e-cartable.fr\/vasa-lecture\/wp-content\/uploads\/2023\/03\/Les-lendemains.jpg 340w, http:\/\/www.e-cartable.fr\/vasa-lecture\/wp-content\/uploads\/2023\/03\/Les-lendemains-204x300.jpg 204w, http:\/\/www.e-cartable.fr\/vasa-lecture\/wp-content\/uploads\/2023\/03\/Les-lendemains-220x324.jpg 220w\" sizes=\"(max-width: 132px) 100vw, 132px\" \/><\/a>Dans ce roman, il est question de lendemains\u00a0: Ceux qui d\u00e9chantent, ceux qu&rsquo;on ne veut pas voir venir, ceux qu&rsquo;on ne peut affronter. M\u00e9lissa Da Costa murmure le deuil, l&rsquo;abandon de vivre, et cette reconqu\u00eate de soi, pas \u00e0 pas, \u00e0 force de silence. Pour revenir vers la vie.<\/p>\n<p style=\"text-align: justify;\"><!--more-->Amande ne pensait pas que l&rsquo;on pouvait avoir si mal. Dans la m\u00eame journ\u00e9e, elle vient de perdre Benjamin, son mari, fauch\u00e9 avec sa moto par un camion, ainsi que son b\u00e9b\u00e9 Manon mort n\u00e9e apr\u00e8s le choc de ce d\u00e9c\u00e8s. Benjamin \u00e9tait celui qui lui apprenait le bonheur de vivre. Fille unique d\u2019une m\u00e8re trop occup\u00e9e d\u2019elle-m\u00eame et peu encline aux d\u00e9monstrations d\u2019affection, Amande manque de confiance en elle et de joie de vivre. Elle avait appris \u00e0 les puiser en Benjamin et dans leur petite famille en devenir.<\/p>\n<p style=\"text-align: justify;\">Face aux deuils les plus terribles qui soient pour une femme heureuse et amoureuse, elle s&rsquo;en va au plus loin de son quotidien, de Lyon, de sa belle-famille pourtant aimante, du cimeti\u00e8re et de son job qu\u2019elle ne se sent pas le courage de reprendre, et vient se clo\u00eetrer dans une vieille maison isol\u00e9e auvergnate. Elle y vit recluse, ne veut pas voir le soleil, ni sentir la chaleur de l\u2019\u00e9t\u00e9. Peut-\u00eatre pense-t-elle \u00e0 ce moment-l\u00e0, qu\u2019elle ne parviendra jamais \u00e0 se reconstruire, ou qu\u2019il lui faudra beaucoup trop de temps. De quelle fa\u00e7on pourrait-elle retrouver go\u00fbt \u00e0 la vie? Elle n\u2019en a pas la moindre id\u00e9e.<\/p>\n<p style=\"text-align: justify;\">Dans le silence et l\u2019obscurit\u00e9 de cette vieille maison, elle pr\u00e9f\u00e8re oublier que d\u2019autres existent. Jusqu&rsquo;au jour o\u00f9 le battement d&rsquo;une aile de papillon, litt\u00e9ralement, va laisser entrer ses rayons dans la maison, dans le c\u0153ur d&rsquo;Amande \u2026<\/p>\n<p style=\"text-align: justify;\">En se r\u00e9fugiant dans cette maison pour vivre pleinement son chagrin, elle tombe par hasard sur les calendriers horticoles de l&rsquo;ancienne propri\u00e9taire des lieux sur lesquels sont annot\u00e9es les t\u00e2ches \u00e0 accomplir au jardin\u2026. Guid\u00e9e par les annotations manuscrites de Madame Hugues, Amande s&rsquo;attelle \u00e0 redonner vie au vieux potager abandonn\u00e9. Etape par \u00e9tape, elle suit les indications donn\u00e9es et au rythme des saisons, reprend progressivement des forces pour surmonter le chagrin. Peu \u00e0 peu elle va d\u00e9laisser les antid\u00e9presseurs, se laisser adopter par ce chat gris qui r\u00f4de autour de sa maison, et mettre les mains dans la terre, semer et voir \u00e9clore.<\/p>\n<p style=\"text-align: justify;\">En miroir de ce jardin qu\u2019elle ram\u00e8ne \u00e0 la vie, non seulement Amande reprend pied mais elle va \u00e9galement \u00e9clore \u00e0 sa mani\u00e8re<em>.<\/em><\/p>\n<p style=\"text-align: justify;\">Ce petit jardin devient l\u2019occasion de rencontres, de liens qui se renforcent ou se tissent, de tendresse, d\u2019amiti\u00e9s et d\u2019\u00e9changes interg\u00e9n\u00e9rationnels touchants. Au fil des saisons, elle va puiser dans ce contact avec la terre la force de rena\u00eetre et de s&rsquo;ouvrir \u00e0 des rencontres uniques. Et chaque lendemain redevient une promesse d&rsquo;avenir.<\/p>\n<p style=\"text-align: justify;\">Au gr\u00e9 des inspirations puis\u00e9es au contact de la nature, suivant son instinct, Amande trouve le chemin de la r\u00e9silience, avec un courage et une force exemplaire. Bien s\u00fbr elle a la chance d\u2019avoir une belle famille en or, de rencontrer une v\u00e9ritable amie, d\u2019\u00eatre \u00e9paul\u00e9e par des personnes respectueuses de son rythme et de ses choix, mais les sujets \u00e9voqu\u00e9s sont trait\u00e9s avec une justesse remarquable.<\/p>\n<blockquote>\n<p style=\"text-align: justify;\"><em>Dans ce roman plein de courage et d&rsquo;\u00e9motion, M\u00e9lissa Da Costa nous invite \u00e0 ouvrir grand nos yeux, nos sens et notre c\u0153ur. Un formidable hymne \u00e0 la nature qui nous r\u00e9concilie avec la vie.<\/em><\/p>\n<\/blockquote>\n<p>&nbsp;<\/p>\n<p style=\"text-align: justify;\"><strong>L&rsquo;auteur :<\/strong><\/p>\n<p style=\"text-align: justify;\"><strong><a href=\"http:\/\/www.e-cartable.fr\/vasa-lecture\/?attachment_id=9925\" rel=\"attachment wp-att-9925\"><img decoding=\"async\" loading=\"lazy\" class=\"alignleft wp-image-9925 \" src=\"http:\/\/www.e-cartable.fr\/vasa-lecture\/wp-content\/uploads\/2023\/01\/M\u00e9lissa-da-Costa.jpg\" alt=\"\" width=\"281\" height=\"281\" srcset=\"http:\/\/www.e-cartable.fr\/vasa-lecture\/wp-content\/uploads\/2023\/01\/M\u00e9lissa-da-Costa.jpg 444w, http:\/\/www.e-cartable.fr\/vasa-lecture\/wp-content\/uploads\/2023\/01\/M\u00e9lissa-da-Costa-150x150.jpg 150w, http:\/\/www.e-cartable.fr\/vasa-lecture\/wp-content\/uploads\/2023\/01\/M\u00e9lissa-da-Costa-300x300.jpg 300w, http:\/\/www.e-cartable.fr\/vasa-lecture\/wp-content\/uploads\/2023\/01\/M\u00e9lissa-da-Costa-220x220.jpg 220w, http:\/\/www.e-cartable.fr\/vasa-lecture\/wp-content\/uploads\/2023\/01\/M\u00e9lissa-da-Costa-120x120.jpg 120w\" sizes=\"(max-width: 281px) 100vw, 281px\" \/><\/a>M\u00e9lissa Da Costa<\/strong>, n\u00e9e le 7 ao\u00fbt 1990, est une romanci\u00e8re fran\u00e7aise, autrice de best-sellers. Assimil\u00e9e autrice <em>Feel-Good<\/em>, elle r\u00e9fute cependant cette \u00e9tiquette.<\/p>\n<p style=\"text-align: justify;\">Elle grandit \u00e0 la campagne dans l&rsquo;Ain, pr\u00e8s de M\u00e2con. Son p\u00e8re travaille dans le b\u00e2timent et sa m\u00e8re est assistante maternelle.<\/p>\n<p style=\"text-align: justify;\">Elle \u00e9crit depuis toute petite mais ne se sent pas l\u00e9gitime pour devenir \u00e9crivain. D\u00e8s qu\u2019elle rentrait de l\u2019\u00e9cole, elle prenait une feuille et des stylos et elle s\u2019inventait des histoires. Elle avait compris qu\u2019\u00e9crire c\u2019\u00e9tait se donner des pouvoirs magiques et vivre mille et une vies. Mais de l\u00e0 \u00e0 en faire son m\u00e9tier\u2026 Par s\u00e9curit\u00e9 et bonne \u00e9l\u00e8ve, elle pr\u00e9f\u00e8re passer sagement un BAC \u00e9conomique plut\u00f4t que de choisir l\u2019option litt\u00e9raire car on lui disait qu\u2019il y avait plus de d\u00e9bouch\u00e9s dans cette voie-l\u00e0.<\/p>\n<p style=\"text-align: justify;\">Apr\u00e8s des \u00e9tudes d&rsquo;\u00e9conomie et de gestion \u00e0 l&rsquo;Institut d&rsquo;administration des entreprises de Lyon (IAE) (2008-2011), elle occupe un emploi de charg\u00e9e de communication dans le domaine de l\u2019\u00e9nergie et du climat.<\/p>\n<p style=\"text-align: justify;\">Elle suit \u00e9galement des formations en aromath\u00e9rapie, naturopathie et sophrologie.<\/p>\n<p style=\"text-align: justify;\">Jusqu\u2019a\u0300 ses 25 ans, celle qui s\u2019est envisag\u00e9e un temps psychologue n\u2019a laiss\u00e9\u0301 a\u0300 personne le droit de d\u00e9couvrir ses histoires, m\u00eame pas a\u0300 ses parents. \u00ab Par pudeur \u00bb, se justifie-t-elle. Mais sans l\u2019air d\u2019y toucher, M\u00e9lissa d\u00e9cide de forcer le destin.<\/p>\n<p style=\"text-align: justify;\">En 2018, elle publie son premier roman sur une plateforme d\u2019auto\u00e9dition d\u2019Amazon. H\u00e9las, il ne se passe rien. Elle r\u00e9it\u00e8re quelques mois plus tard sur une autre plateforme, Monbestseller.com. Miracle\u00a0! \u00c7a fonctionne. M\u00e9lissa est class\u00e9e alors dans les coups de c\u0153ur, d\u00e9croche une petite interview et se voit m\u00eame publi\u00e9e par une maison d\u2019\u00e9dition, Carnets Nord. Renomm\u00e9 <strong><em>Tout le bleu du ciel<\/em>,<\/strong> le roman conna\u00eet un succ\u00e8s important et est publi\u00e9 en poche.<\/p>\n<p style=\"text-align: justify;\">Suivront d&rsquo;autres titres publi\u00e9s chez Albin Michel, <strong><em>Les Lendemains<\/em><\/strong> (2020), <strong><em>Je revenais des autres<\/em><\/strong> (2021), <strong><em>Les Douleurs fant\u00f4mes<\/em><\/strong> (2022). Ses romans sont des best-sellers, ils figurent dans le top 10 des livres les plus vendus en France en 2021.<\/p>\n<p style=\"text-align: justify;\">Aujourd\u2019hui, Me\u0301lissa vit toujours dans une petite maison a\u0300 quarante-cinq minutes de Paris, avec son mari et leur fils, Martin de deux ans.<\/p>\n<p>&nbsp;<\/p>\n<p style=\"text-align: justify;\"><strong>\u0152uvre litt\u00e9raire\u00a0:<\/strong><\/p>\n<p style=\"text-align: justify;\"><strong>Romans<\/strong><\/p>\n<ul style=\"text-align: justify;\">\n<li><strong><em>Tout le bleu du ciel<\/em><\/strong>, Carnets nord, 2019 &#8211; R\u00e9\u00e9dition, Le Livre de poche, 2020<\/li>\n<li><strong><em>Les Lendemains<\/em><\/strong>, Albin Michel, 2020 &#8211; R\u00e9\u00e9dition, Le Livre de poche, 2021<\/li>\n<li><strong><em>Je revenais des autres<\/em><\/strong>, Albin Michel, 2021 &#8211; R\u00e9\u00e9dition, Le Livre de poche, 2022<\/li>\n<li><strong><em>Les Douleurs fant\u00f4mes<\/em><\/strong> (Suite de <em>Je revenais des autres<\/em>), Albin Michel, 2022<\/li>\n<li><strong><em>La Doublure<\/em><\/strong>, Albin Michel, 2022<\/li>\n<\/ul>\n<h4><\/h4>\n<h4 style=\"text-align: justify;\">Distinctions<\/h4>\n<ul>\n<li style=\"text-align: justify;\">Prix Alain-Fournier 2020 pour <em>Tout le bleu du ciel<\/em><\/li>\n<li style=\"text-align: justify;\">Prix du roman Cezam 2020 pour <em>Tout le bleu du ciel<\/em><\/li>\n<li style=\"text-align: justify;\">Prix Babelio cat\u00e9gorie Litt\u00e9rature fran\u00e7aise 2022 pour <em>Les douleurs fant\u00f4mes<\/em>.<\/li>\n<\/ul>\n","protected":false},"excerpt":{"rendered":"<p>Dans ce roman, il est question de lendemains\u00a0: Ceux qui d\u00e9chantent,.<\/p>\n","protected":false},"author":3,"featured_media":10070,"comment_status":"open","ping_status":"closed","sticky":false,"template":"","format":"standard","meta":{"footnotes":""},"categories":[674],"tags":[666],"jetpack_featured_media_url":"http:\/\/www.e-cartable.fr\/vasa-lecture\/wp-content\/uploads\/2023\/03\/Les-lendemains.jpg","_links":{"self":[{"href":"http:\/\/www.e-cartable.fr\/vasa-lecture\/wp-json\/wp\/v2\/posts\/10072"}],"collection":[{"href":"http:\/\/www.e-cartable.fr\/vasa-lecture\/wp-json\/wp\/v2\/posts"}],"about":[{"href":"http:\/\/www.e-cartable.fr\/vasa-lecture\/wp-json\/wp\/v2\/types\/post"}],"author":[{"embeddable":true,"href":"http:\/\/www.e-cartable.fr\/vasa-lecture\/wp-json\/wp\/v2\/users\/3"}],"replies":[{"embeddable":true,"href":"http:\/\/www.e-cartable.fr\/vasa-lecture\/wp-json\/wp\/v2\/comments?post=10072"}],"version-history":[{"count":0,"href":"http:\/\/www.e-cartable.fr\/vasa-lecture\/wp-json\/wp\/v2\/posts\/10072\/revisions"}],"wp:featuredmedia":[{"embeddable":true,"href":"http:\/\/www.e-cartable.fr\/vasa-lecture\/wp-json\/wp\/v2\/media\/10070"}],"wp:attachment":[{"href":"http:\/\/www.e-cartable.fr\/vasa-lecture\/wp-json\/wp\/v2\/media?parent=10072"}],"wp:term":[{"taxonomy":"category","embeddable":true,"href":"http:\/\/www.e-cartable.fr\/vasa-lecture\/wp-json\/wp\/v2\/categories?post=10072"},{"taxonomy":"post_tag","embeddable":true,"href":"http:\/\/www.e-cartable.fr\/vasa-lecture\/wp-json\/wp\/v2\/tags?post=10072"}],"curies":[{"name":"wp","href":"https:\/\/api.w.org\/{rel}","templated":true}]}}