{"id":10067,"date":"2023-03-23T08:41:55","date_gmt":"2023-03-23T07:41:55","guid":{"rendered":"http:\/\/www.e-cartable.fr\/vasa-lecture\/?p=10067"},"modified":"2023-03-23T08:42:45","modified_gmt":"2023-03-23T07:42:45","slug":"ponte-carene-%e2%99%a6-avec-des-si-et-des-peut-etre","status":"publish","type":"post","link":"http:\/\/www.e-cartable.fr\/vasa-lecture\/ponte-carene-%e2%99%a6-avec-des-si-et-des-peut-etre\/","title":{"rendered":"Ponte car\u00e8ne &#x2666; Avec des Si et des Peut-\u00eatre"},"content":{"rendered":"<p style=\"text-align: justify;\"><a href=\"http:\/\/www.e-cartable.fr\/vasa-lecture\/?attachment_id=10066\" rel=\"attachment wp-att-10066\"><img decoding=\"async\" loading=\"lazy\" class=\"alignright wp-image-10066 \" src=\"http:\/\/www.e-cartable.fr\/vasa-lecture\/wp-content\/uploads\/2023\/03\/Avec-des-si-et-des-peut-\u00eatre.jpg\" alt=\"\" width=\"157\" height=\"256\" srcset=\"http:\/\/www.e-cartable.fr\/vasa-lecture\/wp-content\/uploads\/2023\/03\/Avec-des-si-et-des-peut-\u00eatre.jpg 307w, http:\/\/www.e-cartable.fr\/vasa-lecture\/wp-content\/uploads\/2023\/03\/Avec-des-si-et-des-peut-\u00eatre-184x300.jpg 184w, http:\/\/www.e-cartable.fr\/vasa-lecture\/wp-content\/uploads\/2023\/03\/Avec-des-si-et-des-peut-\u00eatre-220x358.jpg 220w\" sizes=\"(max-width: 157px) 100vw, 157px\" \/><\/a>La r\u00e9v\u00e9lation de la com\u00e9die romantique ! Aimeriez-vous savoir quelle serait votre vie si vous aviez fait d&rsquo;autres choix?<\/p>\n<p style=\"text-align: justify;\"><!--more-->Prof de fran\u00e7ais au lyc\u00e9e de Savannah (-sur-Seine), Maxine vit en colocation avec Claudia une \u00e9colo-vegan (et ses cr\u00e8mes au jus d&rsquo;herbe ferment\u00e9). Elle aime Flaubert (ses \u00e9l\u00e8ves, Stromae), courir (trois cents m\u00e8tres) avec ses deux meilleures amies\u00a0: Samya, une gentille prof de maths ainsi qu&rsquo;Audrey, une conseill\u00e8re d&rsquo;orientation et aller chez le dentiste (sa s\u0153ur).<\/p>\n<p style=\"text-align: justify;\">Maxine croit aux signes et aux messages de l&rsquo;Univers. Pourtant elle ne peut s&#8217;emp\u00eacher de se demander : \u00ab\u00a0Et si j&rsquo;\u00e9tais all\u00e9e ici plut\u00f4t que l\u00e0, si j&rsquo;avais fait ceci au lieu de cela, ma vie serait-elle chamboul\u00e9e ? \u00ab\u00a0. Si elle avait pris tel ou tel chemin, la route 66 au lieu de la RN, telle carri\u00e8re plut\u00f4t qu&rsquo;une autre, si elles avaient am\u00e9nag\u00e9 dans une autre ville, rappel\u00e9 cet ex\u2026 Elle se destinait plut\u00f4t \u00e0 faire de la radio cependant un grain de sable est venu enrayer la machine et celle-ci se retrouve \u00e0 \u00eatre prof de fran\u00e7ais, c&rsquo;est un m\u00e9tier qui lui convient tout \u00e0 fait. Mais un jour \u00e0 la radio il va \u00eatre question d&rsquo;un livre ou l&rsquo;auteur se demande ce que serait notre vie si les choix avaient \u00e9t\u00e9 diff\u00e9rents dans celle-ci. En bonne prof de fran\u00e7ais, Maxine aime le conditionnel&#8230;<\/p>\n<p style=\"text-align: justify;\">Mais \u00e0 trop r\u00e9fl\u00e9chir Avec des si et des peut-\u00eatre, ne risque-t-on pas d&rsquo;oublier de vivre au pr\u00e9sent ? Et si la vie d\u00e9cidait de lui r\u00e9server un dr\u00f4le de tour ?<\/p>\n<p style=\"text-align: justify;\"><em>\u00a0<\/em><\/p>\n<p style=\"text-align: justify;\"><strong>L&rsquo;auteur :<\/strong><\/p>\n<p style=\"text-align: justify;\"><strong><a href=\"http:\/\/www.e-cartable.fr\/vasa-lecture\/?attachment_id=8778\" rel=\"attachment wp-att-8778\"><img decoding=\"async\" loading=\"lazy\" class=\"alignleft wp-image-8778\" src=\"http:\/\/www.e-cartable.fr\/vasa-lecture\/wp-content\/uploads\/2021\/07\/Car\u00e8ne-Ponte.jpg\" alt=\"\" width=\"257\" height=\"257\" srcset=\"http:\/\/www.e-cartable.fr\/vasa-lecture\/wp-content\/uploads\/2021\/07\/Car\u00e8ne-Ponte.jpg 638w, http:\/\/www.e-cartable.fr\/vasa-lecture\/wp-content\/uploads\/2021\/07\/Car\u00e8ne-Ponte-150x150.jpg 150w, http:\/\/www.e-cartable.fr\/vasa-lecture\/wp-content\/uploads\/2021\/07\/Car\u00e8ne-Ponte-300x300.jpg 300w, http:\/\/www.e-cartable.fr\/vasa-lecture\/wp-content\/uploads\/2021\/07\/Car\u00e8ne-Ponte-220x220.jpg 220w, http:\/\/www.e-cartable.fr\/vasa-lecture\/wp-content\/uploads\/2021\/07\/Car\u00e8ne-Ponte-120x120.jpg 120w\" sizes=\"(max-width: 257px) 100vw, 257px\" \/><\/a>Car\u00e8ne Ponte<\/strong> est une romanci\u00e8re fran\u00e7aise n\u00e9e le 24 juillet 1980, dont les ouvrages sont souvent class\u00e9s dans la litt\u00e9rature dite \u00ab\u00a0feel good\u00a0\u00bb.<\/p>\n<p style=\"text-align: justify;\">Apr\u00e8s son premier roman \u00ab\u00a0<em>Un merci de trop\u00a0\u00bb<\/em> aux \u00e9ditions Michel Lafon en juin 2016, elle publie successivement \u00ab\u00a0<em>Tu as promis que tu vivrais pour moi\u00a0\u00bb<\/em> (2017), \u00ab\u00a0<em>Avec des si et des peut-\u00eatre\u00a0\u00bb<\/em> (2018), \u00ab\u00a0<em>Gros sur le c\u0153ur<\/em> \u00ab\u00a0(2018), \u00ab\u00a0<em>D&rsquo;ici l\u00e0, porte toi bien\u00a0\u00bb<\/em> (2019), \u00ab\u00a0<em>Vous faites quoi pour No\u00ebl\u00a0?\u00a0\u00bb<\/em> (2019), \u00ab\u00a0<em>Et ton c\u0153ur qui bat\u00a0\u00bb<\/em> (2020), \u00ab\u00a0<em>Vous faites quoi pour No\u00ebl\u00a0? On se Marie\u00a0!\u00a0\u00bb (2020), \u00ab\u00a0La Lumi\u00e8re \u00e9tait si parfaite\u00a0\u00bb (2021)<\/em>.<\/p>\n<p style=\"text-align: justify;\">Auteure r\u00e9solument moderne, elle est reconnue pour la proximit\u00e9 qu&rsquo;elle entretient avec ses lecteurs, au travers des notes de bas de page qui sont devenues sa marque de fabrique.<\/p>\n<p style=\"text-align: justify;\">Car\u00e8ne Ponte a toujours r\u00eav\u00e9 d\u2019\u00eatre \u00e9crivain. A 10 ans, elle \u00e9crivait sur les fiches de renseignements qu\u2019elle voulait devenir \u00e9crivain. A 35 ans, elle r\u00e9alise une part de son r\u00eave. Blog, nouvelles, et maintenant romans.<\/p>\n<p style=\"text-align: justify;\">Devenue finalement juriste sp\u00e9cialis\u00e9e en droit de la sant\u00e9, elle se lance dans la cr\u00e9ation du blog <em>Des mots et moi<\/em> en 2013, dans lequel elle se raconte avec humour et sinc\u00e9rit\u00e9, tout simplement parce qu\u2019on ne fait pas taire ses r\u00eaves d\u2019enfance comme \u00e7a.<\/p>\n<p style=\"text-align: justify;\">En 2014 Car\u00e8ne Ponte participe au concours de nouvelles du Prix \u00ab\u00a0E-\u00e9crire Aufeminin\u00a0\u00bb, parrain\u00e9 par Tatiana de Rosnay et remporte le troisi\u00e8me prix avec sa nouvelle <em>Rendez-vous \u00e0 18h<\/em>.<\/p>\n<p style=\"text-align: justify;\">Cette m\u00eame ann\u00e9e, elle participe au concours d&rsquo;\u00e9criture \u00ab\u00a0Une femme exceptionnelle\u00a0\u00bb, organis\u00e9 par Librinova et remporte le premier prix ainsi que la publication de son recueil de nouvelles \u00ab<em> 3 femmes<\/em>\u00a0\u00bb en version num\u00e9rique chez Librinova. Le recueil est un v\u00e9ritable succ\u00e8s et devient le record de ventes chez Librinova, avec plus de 5000 exemplaires \u00e9coul\u00e9s en quelques mois.<\/p>\n<p style=\"text-align: justify;\">En pr\u00e9paration du Salon du livre de Paris 2015, Car\u00e8ne Ponte a l&rsquo;id\u00e9e de repartir d\u2019une s\u00e9rie de nouvelles publi\u00e9es sur son blog, centr\u00e9es autour d\u2019un personnage &#8211; Juliette &#8211; et d\u00e9cide de les \u00e9toffer pour en faire \u00ab\u00a0<em>Un merci de trop\u00a0\u00bb<\/em>. Apr\u00e8s quelques allers-retours et corrections, le roman auto\u00e9dit\u00e9 para\u00eet chez Librinova le 16 mars 2015.<\/p>\n<p style=\"text-align: justify;\">Ce nouveau livre b\u00e9n\u00e9ficie d\u2019une op\u00e9ration promotionnelle de \u00ab\u00a0vente flash\u00a0\u00bb sur Amazon et en moins de 24 heures, plus de 700 ventes sont r\u00e9alis\u00e9es\u00a0; le roman se classe 2<sup>\u00e8me<\/sup> meilleure vente au classement g\u00e9n\u00e9ral d\u2019Amazon.<\/p>\n<p style=\"text-align: justify;\">Rapidement rep\u00e9r\u00e9e, Car\u00e8ne Ponte signe \u00ab\u00a0<em>Un merci de trop\u00a0\u00bb<\/em> aux \u00e9ditions Michel Lafon en d\u00e9cembre 2015 pour une sortie librairie en 2016. Le roman continue son ascension en version papier, il est pl\u00e9biscit\u00e9 peu de temps apr\u00e8s sa sortie.<\/p>\n<p style=\"text-align: justify;\">En 2017, elle publie un second roman \u00ab\u00a0<em>Tu as promis que tu vivrais pour moi\u00a0\u00bb<\/em> o\u00f9 on peut suivre Molly qui perd sa meilleure amie Marie, alors qu\u2019elle vient \u00e0 peine de f\u00eater son trenti\u00e8me anniversaire. Juste avant sa mort, celle-ci lui fait promettre de vivre sa vie pour elles deux. Molly promet, mais pour \u00eatre s\u00fbre qu\u2019elle tienne sa promesse, Marie lui fait parvenir apr\u00e8s sa mort une enveloppe contenant douze enveloppes, une par mois, avec \u00e0 chaque fois une chose \u00e0 r\u00e9aliser \u00e0 sa place.<\/p>\n<p style=\"text-align: justify;\">Le magazine <em>Au f\u00e9minin<\/em> place le roman dans les coups de c\u0153ur de la r\u00e9daction et salue \u00ab\u00a0Une magnifique le\u00e7on de vie\u00a0\u00bb, \u00ab\u00a0Une jolie d\u00e9couverte\u00a0\u00bb. L&rsquo;Est r\u00e9publicain la cite entre Stephen King, Guillaume Musso, Harry Potter&#8230; dans les lectures favorites de leurs abonn\u00e9s pendant le confinement de 2020.<\/p>\n<p style=\"text-align: justify;\">Sorti en 2018, \u00ab\u00a0<em>Avec des si et des peut-\u00eatre\u00a0\u00bb<\/em> est son troisi\u00e8me roman.<\/p>\n<p style=\"text-align: justify;\">Car\u00e8ne Ponte y met en sc\u00e8ne Maxine, une professeure de fran\u00e7ais au lyc\u00e9e de Savannah-sur-Seine. Si Maxine n\u2019est pas sp\u00e9cialement malheureuse dans sa vie, elle a tout de m\u00eame la f\u00e2cheuse tendance \u00e0 se demander, en permanence, ce que serait celle-ci si au lieu de faire ceci elle faisait cela, si au lieu d\u2019aller ici, elle allait l\u00e0\u2026<\/p>\n<p style=\"text-align: justify;\">Un matin, elle se r\u00e9veille dans un appartement qu\u2019elle ne connait pas et qui pourtant est le sien, \u00e0 vivre une vie qui aurait \u00e9t\u00e9 la sienne si un tout petit d\u00e9tail s\u2019\u00e9tait pass\u00e9 diff\u00e9remment.<\/p>\n<p style=\"text-align: justify;\">France Bleu classe ce roman dans \u00ab\u00a0les livres coup de c\u0153ur de Val\u00e9rie Rollmann\u00a0<em>\u00bb<\/em> (\u00e9mission du 19 juin 2018).<\/p>\n<p style=\"text-align: justify;\">La m\u00eame ann\u00e9e, dans un registre tr\u00e8s diff\u00e9rent, elle publie \u00ab\u00a0<em>Gros sur le c\u0153ur\u00a0\u00bb<\/em>, son premier roman jeunesse, pr\u00e9fac\u00e9 par Marie Vareille dans lequel elle traite du harc\u00e8lement scolaire \u00e0 travers le personnage de M\u00e9lissa, 17 ans, qui fait sa rentr\u00e9e en terminale dans un nouveau lyc\u00e9e suite \u00e0 la mutation de son p\u00e8re. Dans la postface, l&rsquo;auteure rappelle la campagne de lutte contre le harc\u00e8lement scolaire du Minist\u00e8re de l\u2019\u00c9ducation nationale et laisse \u00e0 penser qu&rsquo;il s&rsquo;agit l\u00e0 d&rsquo;un \u00e9crit assez personnel.<\/p>\n<p style=\"text-align: justify;\">Car\u00e8ne Ponte publie en juin 2019 son cinqui\u00e8me roman, \u00ab\u00a0<em>D&rsquo;ici l\u00e0, porte toi bien\u00a0\u00bb<\/em>, un roman choral dans lequel \u00e9voluent Samya, Jessie, Alison, Genevi\u00e8ve, Mia et Apolline.<\/p>\n<p style=\"text-align: justify;\">Elles sont six, ne se connaissent pas, n\u2019ont pas le m\u00eame \u00e2ge, ni le m\u00eame parcours de vie. Pourtant le hasard &#8211; ou le destin &#8211; va les conduire \u00e0 passer au m\u00eame moment une semaine de vacances dans un camping de luxe qui vient d\u2019ouvrir. Lors de ce s\u00e9jour, elles vont se croiser, se lier d\u2019amiti\u00e9, partager des rires et des larmes et au bout du compte, rien ne sera plus vraiment comme avant.<\/p>\n<p style=\"text-align: justify;\">Le quotidien <em>M\u00e9tro<\/em> le s\u00e9lectionne parmi \u00ab\u00a0les romans \u00e0 mettre dans sa valise pour l\u2019\u00e9t\u00e9\u00a0\u00bb.<\/p>\n<p style=\"text-align: justify;\">Toujours en 2019, elle publie un sixi\u00e8me roman, \u00ab\u00a0<em>Vous faites quoi pour No\u00ebl\u00a0?\u00a0\u00bb<\/em><\/p>\n<p style=\"text-align: justify;\">Dans cette com\u00e9die de No\u00ebl, on suit Pauline qui, apr\u00e8s un d\u00e9rapage torride dans le parking de son immeuble avec un coll\u00e8gue, d\u00e9couvre qu\u2019un enregistrement de vid\u00e9osurveillance de cette s\u00e9quence sera sous peu accessible \u00e0 l\u2019ensemble des locataires de son immeuble. Bien d\u00e9cid\u00e9e \u00e0 ce qu\u2019il n\u2019en soit rien, elle est contrainte d\u2019accepter le march\u00e9 propos\u00e9 par David le gardien de son immeuble\u00a0: passer les f\u00eates avec lui dans sa famille, dans un village de montagne qui ne vit que pour No\u00ebl. Un march\u00e9 en apparence agr\u00e9able, sauf lorsqu\u2019on d\u00e9teste No\u00ebl.<\/p>\n<p style=\"text-align: justify;\">Cette com\u00e9die figure dans les coups de c\u0153ur de France Bleu (\u00e9mission 28 novembre 2019).<\/p>\n<p style=\"text-align: justify;\">En 2020, \u00ab\u00a0<em>Et ton c\u0153ur qui bat\u00a0\u00bb<\/em>, son septi\u00e8me roman, est publi\u00e9 chez Michel Lafon.<\/p>\n<p style=\"text-align: justify;\">Le personnage central en est Roxane qui g\u00e8re la partie blog du guide touristique <em>Voyag\u2019Elles<\/em> qu\u2019elle a cr\u00e9\u00e9 avec son amie Sam. Elle visite les r\u00e9gions fran\u00e7aises, teste diff\u00e9rentes activit\u00e9s et raconte ensuite ses p\u00e9rip\u00e9ties avec humour dans des billets qu\u2019elle publie r\u00e9guli\u00e8rement. Mais lorsque l\u2019ordinateur se referme et que la lumi\u00e8re s\u2019\u00e9teint, Roxane redevient une jeune femme rong\u00e9e par la souffrance et la haine de celui qui en est responsable. Elle fuit depuis des mois, mais la r\u00e9alit\u00e9 du calendrier va l\u2019obliger \u00e0 faire face et \u00e0 trouver une r\u00e9ponse \u00e0 la question\u00a0: peut-on pardonner l\u2019impardonnable\u00a0?<\/p>\n<p style=\"text-align: justify;\">Selon l&rsquo;association des Libraires ind\u00e9pendants de Lorraine, \u00ab\u00a0Car\u00e8ne Ponte nous replonge \u00e0 nouveau dans les sentiments d&rsquo;une femme perdue mais qui retrouve gout \u00e0 demain gr\u00e2ce \u00e0 des personnages doux, dr\u00f4les et terriblement humains. On adore\u00a0!\u00a0\u00bb.<\/p>\n<p style=\"text-align: justify;\">En 2020 toujours, Car\u00e8ne Ponte participe au recueil collectif <em>Histoires d\u2019espoir<\/em>, publi\u00e9 en num\u00e9rique par Libirinova et dont l\u2019int\u00e9gralit\u00e9 des b\u00e9n\u00e9fices des ventes sera revers\u00e9e \u00e0 la Fondation de France.<\/p>\n<p style=\"text-align: justify;\">Dans la vie, Car\u00e8ne Ponte est responsable de formation et juriste. Elle vit en couple avec Beno\u00eet son conjoint et ses 2 enfants et un chien.<\/p>\n","protected":false},"excerpt":{"rendered":"<p>La r\u00e9v\u00e9lation de la com\u00e9die romantique ! Aimeriez-vous savoir quelle serait.<\/p>\n","protected":false},"author":3,"featured_media":10066,"comment_status":"open","ping_status":"closed","sticky":false,"template":"","format":"standard","meta":{"footnotes":""},"categories":[674],"tags":[594],"jetpack_featured_media_url":"http:\/\/www.e-cartable.fr\/vasa-lecture\/wp-content\/uploads\/2023\/03\/Avec-des-si-et-des-peut-\u00eatre.jpg","_links":{"self":[{"href":"http:\/\/www.e-cartable.fr\/vasa-lecture\/wp-json\/wp\/v2\/posts\/10067"}],"collection":[{"href":"http:\/\/www.e-cartable.fr\/vasa-lecture\/wp-json\/wp\/v2\/posts"}],"about":[{"href":"http:\/\/www.e-cartable.fr\/vasa-lecture\/wp-json\/wp\/v2\/types\/post"}],"author":[{"embeddable":true,"href":"http:\/\/www.e-cartable.fr\/vasa-lecture\/wp-json\/wp\/v2\/users\/3"}],"replies":[{"embeddable":true,"href":"http:\/\/www.e-cartable.fr\/vasa-lecture\/wp-json\/wp\/v2\/comments?post=10067"}],"version-history":[{"count":0,"href":"http:\/\/www.e-cartable.fr\/vasa-lecture\/wp-json\/wp\/v2\/posts\/10067\/revisions"}],"wp:featuredmedia":[{"embeddable":true,"href":"http:\/\/www.e-cartable.fr\/vasa-lecture\/wp-json\/wp\/v2\/media\/10066"}],"wp:attachment":[{"href":"http:\/\/www.e-cartable.fr\/vasa-lecture\/wp-json\/wp\/v2\/media?parent=10067"}],"wp:term":[{"taxonomy":"category","embeddable":true,"href":"http:\/\/www.e-cartable.fr\/vasa-lecture\/wp-json\/wp\/v2\/categories?post=10067"},{"taxonomy":"post_tag","embeddable":true,"href":"http:\/\/www.e-cartable.fr\/vasa-lecture\/wp-json\/wp\/v2\/tags?post=10067"}],"curies":[{"name":"wp","href":"https:\/\/api.w.org\/{rel}","templated":true}]}}