{"id":10056,"date":"2023-03-19T15:43:08","date_gmt":"2023-03-19T14:43:08","guid":{"rendered":"http:\/\/www.e-cartable.fr\/vasa-lecture\/?p=10056"},"modified":"2023-03-19T15:43:57","modified_gmt":"2023-03-19T14:43:57","slug":"bussi-michel-%e2%99%a6-trois-vies-par-semaine","status":"publish","type":"post","link":"http:\/\/www.e-cartable.fr\/vasa-lecture\/bussi-michel-%e2%99%a6-trois-vies-par-semaine\/","title":{"rendered":"Bussi Michel &#x2666; trois vies par semaine"},"content":{"rendered":"<p style=\"text-align: justify;\"><a href=\"http:\/\/www.e-cartable.fr\/vasa-lecture\/?attachment_id=10053\" rel=\"attachment wp-att-10053\"><img decoding=\"async\" loading=\"lazy\" class=\"alignright wp-image-10053 \" src=\"http:\/\/www.e-cartable.fr\/vasa-lecture\/wp-content\/uploads\/2023\/03\/Trois-vies-par-semaine.jpg\" alt=\"\" width=\"164\" height=\"263\" srcset=\"http:\/\/www.e-cartable.fr\/vasa-lecture\/wp-content\/uploads\/2023\/03\/Trois-vies-par-semaine.jpg 258w, http:\/\/www.e-cartable.fr\/vasa-lecture\/wp-content\/uploads\/2023\/03\/Trois-vies-par-semaine-187x300.jpg 187w, http:\/\/www.e-cartable.fr\/vasa-lecture\/wp-content\/uploads\/2023\/03\/Trois-vies-par-semaine-220x353.jpg 220w\" sizes=\"(max-width: 164px) 100vw, 164px\" \/><\/a>Habiter trois villes diff\u00e9rentes ? Poss\u00e9der trois identit\u00e9s reconnues ? Aimer trois femmes intens\u00e9ment ? Avoir trois vies par semaine. Pour tirer les fils de ce nouveau suspense qui m\u00eale les th\u00e8mes de l&rsquo;exil, la vengeance, la multiplicit\u00e9 d&rsquo;une vie&#8230; l&rsquo;unique Michel Bussi.<\/p>\n<p style=\"text-align: justify;\"><!--more-->Un mort. Deux disparus. Trois femmes amoureuses.<\/p>\n<p style=\"text-align: justify;\">Un corps est retrouv\u00e9 dans la vall\u00e9e de la Meuse, au c\u0153ur des Ardennes, pr\u00e8s du belv\u00e9d\u00e8re des Quatre Fils Aymon. Accident, suicide, meurtre ? La r\u00e9v\u00e9lation de l&rsquo;identit\u00e9 de la victime, Renaud Duval, plonge la capitaine Katel Marelle dans la sid\u00e9ration quand elle d\u00e9couvre que Renaud Duval s\u2019appellerait \u00e9galement Hans Bernard et Pierre Rousseau. Dans la bo\u00eete \u00e0 gants de sa voiture, les autorit\u00e9s ont trouv\u00e9 son permis de conduire, ou plut\u00f4t ses permis de conduire\u2026 Trois permis au nom de trois conducteurs diff\u00e9rents\u00a0: Renaud Duval, Pierre Rousseau et Hans Bernard. Les photos d&rsquo;identit\u00e9 sont toutes les trois strictement identiques, les dates de naissance mentionn\u00e9es sur les documents\u00a0: le 29 janvier 1977 identiques aussi. Seuls les lieux de naissance diff\u00e8rent. Renaud est n\u00e9 \u00e0 Charleville-M\u00e9zi\u00e8res, Pierre \u00e0 Paris, Hans \u00e0 Mende en Loz\u00e8re.<\/p>\n<p style=\"text-align: justify;\">Qui \u00e9tait Renaud Duval, la victime ? Mari\u00e9 \u00e0 Agn\u00e8s Duval durant 28 ann\u00e9es, ils ont eu deux enfants ensemble. Il \u00e9tait ing\u00e9nieur pour une grosse entreprise de d\u00e9colletage qui l&rsquo;obligeait \u00e0 s&rsquo;absenter une semaine par mois.<\/p>\n<p style=\"text-align: justify;\">Qui \u00e9tait Hans, en couple avec Vicky Malzieu, elle-m\u00eame m\u00e8re d&rsquo;une petite Lola, qui est devenue tout naturellement la fille d&rsquo;adoption de Hans ?<\/p>\n<p style=\"text-align: justify;\">Qui \u00e9tait Pierre auteur de \u00ab Nous, pauvres marionnettes \u00bb, mari\u00e9 \u00e0 El\u00e9a, atteinte du syndrome d&rsquo;Asperger qui a pris l&rsquo;habitude de discuter avec son cerveau qu&rsquo;elle surnomme \u00ab Brain \u00bb ?<\/p>\n<p style=\"text-align: justify;\">Et surtout, comment cet homme est-il parvenu \u00e0 mener une triple vie, trois vies bien cloisonn\u00e9es, sans qu&rsquo;aucune de ses femmes ne se rende compte de rien ? Trois femmes qui ne se connaissent pas, Agn\u00e8s, puis Vicky et \u00c9l\u00e9a, et qui attendent son retour.<\/p>\n<p style=\"text-align: justify;\">Chacune revendique d&rsquo;\u00eatre son unique amour. Ensemble, elles vont tenter de percer l&rsquo;\u00e9nigme d&rsquo;une impossible triple vie, tenter de cerner le parcours de l\u2019homme qu\u2019elles ont aim\u00e9, un homme qui enterre avec lui ses ombres et ses secrets.<\/p>\n<p style=\"text-align: justify;\">Mais pour Vicky et \u00c9l\u00e9a, il y a des signes (une carte du Japon pour l\u2019une, un jeu de piste pour l\u2019autre) et la profonde intuition que, non, leur compagnon ne peut pas \u00eatre mort malgr\u00e9 tout ce qui prouve le contraire. Elles ne renonceront pas \u00e0 leur qu\u00eate de v\u00e9rit\u00e9 m\u00eame si elles sont en danger. M\u00eame si deux hommes \u00e0 la figure br\u00fbl\u00e9e les suivent \u00e0 la trace. M\u00eame s\u2019ils sont pr\u00eats \u00e0 tout et traquent tout ce qui a un lien avec Renaud Duval.<\/p>\n<p style=\"text-align: justify;\">Mais comme dans un th\u00e9\u00e2tre d&rsquo;illusions, des ombres r\u00f4dent, pr\u00eates \u00e0 se venger. Qui sait la v\u00e9rit\u00e9 ? Qui manipule ? Qui tire les ficelles ? M\u00e9fiez-vous des fils invisibles&#8230;<\/p>\n<p>&nbsp;<\/p>\n<p style=\"text-align: justify;\"><strong>L&rsquo;auteur<\/strong> :<\/p>\n<p style=\"text-align: justify;\"><strong><a href=\"http:\/\/www.e-cartable.fr\/vasa-lecture\/?attachment_id=5178\" rel=\"attachment wp-att-5178\"><img decoding=\"async\" loading=\"lazy\" class=\"alignleft wp-image-5178 size-full\" src=\"http:\/\/www.e-cartable.fr\/vasa-lecture\/wp-content\/uploads\/2016\/06\/Michel-Bussi.jpg\" alt=\"\" width=\"257\" height=\"281\" srcset=\"http:\/\/www.e-cartable.fr\/vasa-lecture\/wp-content\/uploads\/2016\/06\/Michel-Bussi.jpg 257w, http:\/\/www.e-cartable.fr\/vasa-lecture\/wp-content\/uploads\/2016\/06\/Michel-Bussi-220x241.jpg 220w\" sizes=\"(max-width: 257px) 100vw, 257px\" \/><\/a>Michel Bussi<\/strong>, n\u00e9 le 29 avril 1965 \u00e0 Louviers dans l\u2019Eure, est un auteur fran\u00e7ais de romans policiers. Il a grandi au Manoir, entre Louviers et Rouen, une petite ville industrielle au bord de la Seine avec son aci\u00e9rie et sa papeterie qui ont ferm\u00e9 depuis belle lurette. Sa m\u00e8re, institutrice catholique, \u00e9levait seule ses trois enfants \u2013 son mari est d\u00e9c\u00e9d\u00e9 d\u2019un accident lorsque Michel Bussi avait 10 ans.<\/p>\n<p style=\"text-align: justify;\">D\u00e8s ses 6 ans, il s&rsquo;amuse \u00e0 inventer des jeux de mots et des histoires.<\/p>\n<p style=\"text-align: justify;\">Plus tard, il d\u00e9vore les romans de la Biblioth\u00e8que rose puis verte, en suivant les aventures du Club des cinq ou d\u2019Alice, jeune d\u00e9tective. Au coll\u00e8ge, il d\u00e9vore Agatha Christie, Ray Bradbury, Barjavel, Lenteric. Il restera un lecteur de romans populaire.\u00a0<em>\u00abUn de mes ma\u00eetres, c&rsquo;est Serge Brussolo. Un g\u00e9nie pur. Il publiait un livre tous les trois mois: de la SF, du policier, de l&rsquo;historique.\u00bb<\/em>\u00a0Il est intarissable sur les Grang\u00e9, Japrisot, Chattam, les rois des Relay. Ne lit presque jamais de\u00a0<em>\u00ablitt\u00e9rature blanche\u00bb<\/em>.<\/p>\n<p style=\"text-align: justify;\">\u00c0 18 ans, il entame des \u00e9tudes de g\u00e9ographie \u00e0 l&rsquo;universit\u00e9 de Rouen et se sp\u00e9cialise dans la g\u00e9ographie \u00e9lectorale. Dans les ann\u00e9es 1990, il devient lui-m\u00eame professeur de g\u00e9ographie \u00e0 l&rsquo;universit\u00e9 de Rouen et dirige jusqu&rsquo;en 2016 un laboratoire de recherche du CNRS. Politologue fran\u00e7ais, il est sp\u00e9cialiste de g\u00e9ographie \u00e9lectorale, sollicit\u00e9 par de nombreux m\u00e9dias.<\/p>\n<p style=\"text-align: justify;\">Parall\u00e8lement \u00e0 son m\u00e9tier de professeur de l\u2019universit\u00e9 de Rouen et de directeur d\u2019un laboratoire du CNRS, Michel Bussi a commenc\u00e9 \u00e0 coucher sur papier ses intrigues. Il \u00e9crit un premier roman, situ\u00e9 \u00e0 l\u2019\u00e9poque du <strong><em>D\u00e9barquement de Normandie<\/em><\/strong>. Ce dernier est refus\u00e9 par l\u2019ensemble des maisons d\u2019\u00e9dition. Il \u00e9crit quelques nouvelles, s\u2019attelle \u00e0 l\u2019exercice de l\u2019\u00e9criture de sc\u00e9narios mais sans parvenir \u00e0 les faire publier.<\/p>\n<p style=\"text-align: justify;\">Il attendra dix ans pour que l\u2019id\u00e9e d\u2019un roman, inspir\u00e9 d\u2019un voyage \u00e0 Rome au moment du pic de popularit\u00e9 du <em>Da Vinci Code<\/em> de Dan Brown, s\u2019impose. Ce succ\u00e8s d\u2019\u00e9dition international, ainsi que la lecture d\u2019une r\u00e9\u00e9dition de Maurice Leblanc pour le centenaire d\u2019Ars\u00e8ne Lupin, le poussent \u00e0 se lancer dans un travail d\u2019enqu\u00eateur.<\/p>\n<p style=\"text-align: justify;\">De retour \u00e0 Rouen, \u00e9quip\u00e9 de ses cartes de l\u2019IGN, il noircit des carnets jusqu\u2019\u00e0 pouvoir proposer, en 2006, un manuscrit intitul\u00e9 <em>Code Lupin<\/em> \u00e0 un \u00e9diteur r\u00e9gional et universitaire, les \u00e9ditions des Falaises.<\/p>\n<p style=\"text-align: justify;\">Ce premier roman sera r\u00e9\u00e9dit\u00e9 neuf fois. <strong><em>Code Lupin<\/em><\/strong>, a ensuite \u00e9t\u00e9 publi\u00e9 en feuilleton, pendant 30 jours lors de l\u2019\u00e9t\u00e9 2010 par le quotidien <em>Paris Normandie<\/em>. Il est paru en \u00e9dition de poche en 2014.<\/p>\n<p style=\"text-align: justify;\">Ce premier succ\u00e8s le pousse \u00e0 \u00e9crire davantage.<\/p>\n<p style=\"text-align: justify;\">L\u2019ann\u00e9e suivante, il sort son premier roman, <strong><em>Omaha crimes<\/em><\/strong><em>,<\/em> qui obtient le prix Sang d\u2019encre de la ville de Vienne en 2007, le prix litt\u00e9raire du premier roman policier de la ville de Lens 2008, le prix litt\u00e9raire lyc\u00e9en de la ville de Caen 2008, le prix Octave Mirbeau de la ville de Tr\u00e9vi\u00e8res 2008 et le prix des lecteurs Ancres noires 2008 de la ville du Havre, devant les meilleurs auteurs de polar de l\u2019ann\u00e9e. Il a \u00e9t\u00e9 r\u00e9\u00e9dit\u00e9 en octobre 2014 sous le titre <strong><em>Grav\u00e9 dans le sable<\/em><\/strong>.<\/p>\n<p style=\"text-align: justify;\">En 2008, il publie son troisi\u00e8me roman, <strong><em>Mourir sur Seine<\/em><\/strong>, qui se d\u00e9roule pendant l\u2019Armada 2008 de Rouen, et qui s\u2019est vendu en quelques semaines \u00e0 200\u00a0000 exemplaires. Ce roman a obtenu en 2008 le prix du Comit\u00e9 r\u00e9gional du livre de Basse-Normandie (prix Reine Mathilde). Il est r\u00e9\u00e9dit\u00e9 en \u00e9dition de poche en janvier 2015.<\/p>\n<p style=\"text-align: justify;\">En 2009 c\u2019est<em>, <strong>Sang famille<\/strong><\/em>, un roman destin\u00e9 \u00e0 la fois aux adultes et aux adolescents.<\/p>\n<p style=\"text-align: justify;\">En 2010, il participe au recueil de nouvelles <strong><em>Les Couleurs de l\u2019instant<\/em>, <\/strong>avec une longue nouvelle<strong>, \u00ab\u00a0<em>T\u2019en souviens-tu mon Ana\u00efs ?\u00a0\u00bb<\/em>,<\/strong> qui se d\u00e9roule \u00e0 Veules-les-Roses et traite de la \u00ab l\u00e9gende \u00bb d\u2019Ana\u00efs Aubert.<\/p>\n<p style=\"text-align: justify;\">\u00c0 partir de 2010, il est publi\u00e9 aux Presses de la Cit\u00e9. Il faut toutefois attendre 2011 pour que la popularit\u00e9 de Michel Bussi d\u00e9colle.<\/p>\n<p style=\"text-align: justify;\">Son roman <strong><em>Nymph\u00e9as noirs<\/em><\/strong>, huis-clos qui se d\u00e9roule dans le village de Giverny, sort le 20 janvier 2011. Il signe l\u00e0 son premier succ\u00e8s national. Avec tout ce qui fera sa marque, sa signature, son originalit\u00e9\u00a0: le twist final, impr\u00e9visible, et l\u2019\u00e9quilibre parfait entre style, intrigue, \u00e9motion, rythme\u2026 Il obtient un succ\u00e8s critique et populaire important, et remporte notamment le prix des lecteurs du festival Polar de Cognac, le prix du polar m\u00e9diterran\u00e9en (festival de Villeneuve-lez-Avignon), le prix Michel Lebrun de la 25\u00e8me heure du Mans, le prix des lecteurs du festival Sang d\u2019Encre de la ville de Vienne (\u00ab gouttes de Sang d\u2019encre \u00bb), le Grand prix Gustave Flaubert de la Soci\u00e9t\u00e9 des \u00e9crivains normands, devenant ainsi le roman policier fran\u00e7ais le plus prim\u00e9 en 2011. Il sort en poche le 5 septembre 2013.<\/p>\n<p style=\"text-align: justify;\">En janvier 2012, il publie son sixi\u00e8me roman <strong><em>Un avion sans elle<\/em><\/strong><em>.<\/em> S\u2019il reste fid\u00e8le aux intrigues psychologiques fond\u00e9es sur les faux-semblants et la manipulation du lecteur, m\u00ealant pass\u00e9 et pr\u00e9sent, ce roman, pour la premi\u00e8re fois, n\u2019est pas principalement situ\u00e9 en Normandie. Salu\u00e9 par G\u00e9rard Collard comme le polar de l\u2019ann\u00e9e, \u00ab\u00a0<em>Un avion sans elle\u00a0\u00bb<\/em> est r\u00e9compens\u00e9 par le prix Maison de la presse 2012, le Prix du Roman populaire 2012 et le Prix du Meilleur Polar francophone 2012 (Montigny-les-Cormeilles). Le roman s\u2019est aujourd\u2019hui, toutes \u00e9ditions confondues, vendu \u00e0 plus de 600\u00a0000 exemplaires. Il sera adapt\u00e9 au cin\u00e9ma et est adapt\u00e9 en BD en 2019. Il est publi\u00e9 en feuilleton dans <em>l&rsquo;Est r\u00e9publicain<\/em>, \u00e0 partir de septembre 2013 et pendant plus de 200 jours. Et vingt-cinq pays en ont achet\u00e9 les droits de traduction (Espagne, Allemagne, Italie, Russie, Pologne, Bulgarie, Hongrie, Japon, Cor\u00e9e, Lituanie, Portugal, Ta\u00efwan, Angleterre, Isra\u00ebl, Br\u00e9sil, r\u00e9publique Tch\u00e8que, Slovaquie, Norv\u00e8ge, Gr\u00e8ce, Turquie, Pays-Bas, Vi\u00eat Nam, Lettonie, Roumanie, Serbie\u2026).<\/p>\n<p style=\"text-align: justify;\">Ce roman\u00a0inaugure une s\u00e9rie de best-sellers qui s\u2019inscrivent dans cette culture populaire que revendique l\u2019auteur, nourri de BD, chansons, romans, films.<\/p>\n<p style=\"text-align: justify;\">Plusieurs ann\u00e9es seront n\u00e9cessaires pour que les ouvrages de Michel Bussi, qui paraissent au rythme d\u2019un par an, tel <em>Mourir sur Seine<\/em> en 2008, ou <em>Nymph\u00e9as Noirs<\/em> en 2011, voient leurs ventes s\u2019envoler. Apr\u00e8s une s\u00e9rie de r\u00e9compenses locales, gr\u00e2ce \u00e0 ses premi\u00e8res \u00e9ditions en livre de poche, mais surtout gr\u00e2ce \u00e0 la sortie en rayon polar de son ouvrage ma\u00eetre <em>Un avion sans elle<\/em>, l\u2019auteur g\u00e9ographe est propuls\u00e9 sur le devant de la sc\u00e8ne.<\/p>\n<p style=\"text-align: justify;\">En mars 2013, <strong><em>Ne l\u00e2che pas ma main<\/em><\/strong> entra\u00eene le lecteur sur l\u2019\u00eele de La R\u00e9union, sous le soleil et les palmiers, d\u00e9cor paradisiaque et anxiog\u00e8ne d\u2019un roman tout en tension et suspense, dont l\u2019intrigue, qui se d\u00e9noue par la r\u00e9v\u00e9lation d\u2019une terrible manipulation, est en partie suivie \u00e0 travers le regard d\u2019une petite fille de six ans. 200\u00a0000 exemplaires ont \u00e9t\u00e9 vendus \u00e0 ce jour, en diff\u00e9rentes \u00e9ditions. D\u00e9cor idyllique pour un couple amoureux, pourtant le r\u00eave tourne au cauchemar lorsque la femme dispara\u00eet de sa chambre d\u2019h\u00f4tel. Son mari, soup\u00e7onn\u00e9 du meurtre, s\u2019enfuit en embarquant leur fille. Une course poursuite commence alors\u2026<\/p>\n<p style=\"text-align: justify;\">Ce roman est finaliste 2012 du prix Relay des voyageurs (roman du mois de mai), finaliste du grand prix de litt\u00e9rature polici\u00e8re, a re\u00e7u le prix du roman insulaire 2013, et les droits ont \u00e9t\u00e9 achet\u00e9s pour une adaptation t\u00e9l\u00e9.<\/p>\n<p style=\"text-align: justify;\">L\u2019ann\u00e9e 2013 sacre Michel Bussi \u00ab\u00a0auteur fran\u00e7ais de polars le plus vendu\u00a0\u00bb (source GFK), et il se classe par ailleurs 8<sup>\u00e8me<\/sup> meilleure vente fran\u00e7aise 2013 (Le Figaro litt\u00e9raire).<\/p>\n<p style=\"text-align: justify;\">2014 a vu en mai la parution de son huiti\u00e8me roman\u00a0: <strong><em>N\u2019oublier jamais<\/em><\/strong> et la r\u00e9\u00e9dition, en octobre, sous le titre <em>Grav\u00e9 dans le sable<\/em>, de son premier roman (<em>Omaha Crimes<\/em>, 2007). La Normandie est dans l\u2019un comme l\u2019autre mise \u00e0 l\u2019honneur.<\/p>\n<p style=\"text-align: justify;\">Point de d\u00e9part de <em>N\u2019oublier jamais<\/em>\u00a0: une \u00e9charpe rouge au cou d\u2019une jeune femme qui vient de sauter dans le vide du haut d\u2019une falaise d\u2019Yvetot. Mais une \u00e9charpe qui ne peut absolument pas se trouver l\u00e0\u00a0! Tout au long des 500 pages d\u2019une lecture en apn\u00e9e, jusqu\u2019au \u00ab\u00a0twist\u00a0\u00bb final, d\u00e9sormais la marque Bussi, le lecteur jubile. D\u00e9j\u00e0 plus de 90 000 lecteurs ont \u00e9t\u00e9 conquis.<\/p>\n<p style=\"text-align: justify;\">Relire et r\u00e9\u00e9diter son premier roman, <strong><em>Grav\u00e9 dans le sable<\/em><\/strong><em>,<\/em> au moment o\u00f9 l\u2019on f\u00eate les 70 ans du D\u00e9barquement a permis \u00e0 Michel Bussi de rendre de nouveau hommage aux jeunes h\u00e9ros de la Seconde Guerre mondiale. Son temp\u00e9rament d\u2019\u00e9crivain, sa ma\u00eetrise de la \u00ab m\u00e9canique d\u2019horloger\u00a0\u00bb qu\u2019il affectionne dans tous ses romans sont d\u00e9j\u00e0 bien l\u00e0\u00a0! Pr\u00e8s de 60 000 l\u2019ont d\u00e9j\u00e0 aim\u00e9 !<\/p>\n<p style=\"text-align: justify;\"><strong><em>Maman a tort<\/em><em>,<\/em><\/strong> paru en mai 2015, n\u2019a pas quitt\u00e9 le top 20 des polars de l\u2019ann\u00e9e\u2026 Michel Bussi reste l\u2019auteur de polars fran\u00e7ais le plus lu ! D\u00e9j\u00e0 180\u00a0000 exemplaires en grand format. L\u2019\u00e9dition de poche para\u00eet en mai 2016.<\/p>\n<p style=\"text-align: justify;\">Michel Bussi publie le 4 \u00a0mai 2016, <strong><em>Le temps est assassin<\/em><em>.<\/em><\/strong> Baign\u00e9e par les parfums et saveurs de la Corse, c\u2019est une partition l\u00e9g\u00e8rement nostalgique, qui balance des eighties \u00e0 l\u2019\u00e9t\u00e9 2016, qu\u2019il nous fait jouer. On se rappelle des vacances en famille, des morsures du soleil et des amours n\u00e9es sur la plage. L\u2019intrigue vibre au diapason de l\u2019adolescence\u00a0: un cocktail d\u2019\u00e9motions fortes, violentes, profondes. A lire en apn\u00e9e\u00a0jusqu\u2019au twist final !<\/p>\n<p style=\"text-align: justify;\">\u00a0 En janvier 2017, il est selon le classement GFK-<em>Le Figaro<\/em>, deuxi\u00e8me \u00e9crivain fran\u00e7ais en nombre de livres vendus, derri\u00e8re Guillaume Musso (plus d&rsquo;un million d&rsquo;exemplaires vendus). Il est entr\u00e9 dans ce classement en 2014, \u00e0 la 8<sup>\u00e8me<\/sup>\u00a0place (pr\u00e8s de 480\u00a0000 livres vendus en 2013), puis \u00e0 la 5<sup>\u00e8me<\/sup> en 2015 (pr\u00e8s de 840\u00a0000 livres vendus en 2014), puis \u00e0 la 3\u00e8me en 2016 (plus d&rsquo;un million de livres vendus).<\/p>\n<p style=\"text-align: justify;\">Pour la 6<sup>\u00e8me<\/sup> ann\u00e9e cons\u00e9cutive, il\u00a0monte sur le podium du Top 10 des auteurs les plus lus, en 2018.<\/p>\n<p style=\"text-align: justify;\">En 2017, il publie sous le pseudonyme de Tobby Rolland le roman <strong><em>La Derni\u00e8re Licorne<\/em><\/strong>. On peut lire au dos du roman cette biographie fictive\u00a0: \u00ab\u00a0\u00c0 dix ans, Tobby Rolland r\u00eavait du Kafiristan en d\u00e9vorant <em>L&rsquo;Homme qui voulut \u00eatre roi<\/em> de Kipling. \u00c0 trente ans, alors que, d&rsquo;une ambassade \u00e0 une autre, il parcourait l&rsquo;Afghanistan, la Turquie et le Kurdistan, il r\u00eavait aux aventuriers partis \u00e0 la recherche de l&rsquo;arche de No\u00e9. \u00c0 quarante ans, apr\u00e8s avoir lu l&rsquo;\u00e9pop\u00e9e de Gilgamesh, le Mahabharata, le Yi Jing, la Bible, le Coran, Les M\u00e9tamorphoses d&rsquo;Ovide et les nombreux r\u00e9cits qui se rapportent \u00e0 l&rsquo;arche, il imaginait qu&rsquo;une seule histoire pourrait r\u00e9inventer le mythe du D\u00e9luge. \u00c0 cinquante-trois ans, ce haut fonctionnaire en Asie centrale et au Moyen-Orient signe, sous ce nom de plume, son premier roman.\u00a0\u00bb<\/p>\n<p style=\"text-align: justify;\">En 2020, il est, selon le classement GFK-<em>Le Figaro<\/em>, le deuxi\u00e8me \u00e9crivain fran\u00e7ais en nombre de livres vendus (pr\u00e8s d&rsquo;un million d&rsquo;exemplaires vendus en 2019).<\/p>\n<p style=\"text-align: justify;\">Il est entr\u00e9 dans ce classement en 2014, \u00e0 la 8\u00e8me\u00a0place (pr\u00e8s de 480\u00a0000\u00a0livres vendus en 2013) puis \u00e0 la 5\u00e8me en 2015 (pr\u00e8s de 840\u00a0000\u00a0livres vendus en 2014), puis \u00e0 la 3\u00e8me en 2016 (plus d&rsquo;un million de livres vendus), \u00e0 la seconde en 2017 (1,1 million de livres vendus), \u00e0 la 3\u00e8me en 2018 et \u00e0 la seconde en 2019.<\/p>\n<p style=\"text-align: justify;\">Une des particularit\u00e9s de son travail est de situer la majorit\u00e9 de ses romans en Normandie. Ce tropisme normand, ajout\u00e9 \u00e0 son enseignement et ses recherches en Normandie, l\u2019ont amen\u00e9 \u00e0 \u00eatre \u00e9lu \u00ab\u00a0parrain officiel\u00a0\u00bb de la f\u00eate des Normands, \u00e9dition 2014, f\u00eate r\u00e9gionale normande tenue sur l\u2019ensemble de son territoire et au-del\u00e0. Son roman <strong><em>N\u2019oublier jamais<\/em>,<\/strong> sorti en mai 2014, met \u00ab\u00a0plus que jamais\u00a0\u00bb la Normandie au c\u0153ur de son intrigue, tout comme <strong><em>Maman a tort<\/em><\/strong> (qui se d\u00e9roule au Havre), sorti en mai 2015.<\/p>\n<p style=\"text-align: justify;\">L&rsquo;insularit\u00e9 des lieux est une autre particularit\u00e9 de ses romans, qu&rsquo;il s&rsquo;agisse de <strong><em>Ne l\u00e2che pas ma main<\/em><\/strong> (2013) qui se d\u00e9roule \u00e0 la R\u00e9union, du <strong><em>Temps est assassin<\/em><\/strong> (2016), qui se d\u00e9roule en Corse, de <strong><em>Sang Famille<\/em><\/strong> (2006) qui se d\u00e9roule sur l&rsquo;\u00eele imaginaire de Mornesey, ou <strong><em>Au soleil redout\u00e9<\/em><\/strong> (2020) qui se d\u00e9roule aux Marquises. Ayant pass\u00e9 toute sa vie en Normandie, il est d&rsquo;ailleurs r\u00e9put\u00e9 pour situer la plupart de ses ouvrages dans cette r\u00e9gion.<\/p>\n<p style=\"text-align: justify;\">Par ailleurs, l&rsquo;auteur s&rsquo;amuse \u00e0 mettre des clins d&rsquo;\u0153il\u00a0: \u00ab\u00a0Dans mon livre <em>Maman a tort<\/em>, le h\u00e9ros s&rsquo;appelle Malone, comme le fils du chanteur Renaud.\u00bb,<\/p>\n<p style=\"text-align: justify;\">Michel Bussi se distingue des autres auteurs de romans policiers par la diversit\u00e9 des th\u00e8mes et des styles qu&rsquo;il aborde dans ses romans, m\u00eame si tous peuvent \u00eatre consid\u00e9r\u00e9s comme des romans \u00e0 suspense, caract\u00e9ris\u00e9s par un twist final\u00a0: la question des migrants avec <strong><em>On la trouvait plut\u00f4t jolie<\/em><\/strong>, un roman d&rsquo;amour avec <strong><em>J&rsquo;ai d\u00fb r\u00eaver trop fort<\/em><\/strong>, le polar \u00e9sot\u00e9rique<strong>, <em>Tout ce qui est sur terre doit p\u00e9rir<\/em><\/strong><em>,<\/em> le recueil de nouvelles avec <strong><em>T&rsquo;en souviens-tu mon Ana\u00efs\u00a0?<\/em>,<\/strong> ou m\u00eame les contes pour enfants avec <strong><em>Les Contes du R\u00e9veil Matin<\/em><\/strong> illustr\u00e9s par Eric Puybaret.<\/p>\n<p style=\"text-align: justify;\">Admirant \u00e0 la fois l&rsquo;efficacit\u00e9 des thrillers am\u00e9ricains et le style des grands romanciers fran\u00e7ais, comme S\u00e9bastien Japrisot, il aime m\u00ealer les deux genres. Ses romans poss\u00e8dent donc une certaine tension qui pousse le lecteur \u00e0 tourner les pages, tout en mettant en avant des personnages plus ancr\u00e9s g\u00e9ographiquement. Grand amateur de jeux de piste, l&rsquo;auteur aime aussi manipuler ses lecteurs pour les tenir en haleine et les surprendre avec un twist final inattendu. Cherchant \u00e0 utiliser des mots simples mais justes, Michel Bussi apporte de l&rsquo;\u00e9motion tout en d\u00e9fiant ses lecteurs de d\u00e9nouer intrigues psychologiques et faux-semblants.<\/p>\n<p style=\"text-align: justify;\">Aujourd\u2019hui, Michel Bussi est sollicit\u00e9 partout. La Chine, la Cor\u00e9e, l\u2019Europe le r\u00e9clament. Les Anglais encensent <em>After the crash<\/em> (<em>Un avion sans elle<\/em>) et <em>Black Water Lilies (Nymph\u00e9as noirs)<\/em> et viennent de publier<em> Don\u2019Let Go (Ne l\u00e2che pas ma main). <\/em>Les Italiens ont publi\u00e9 quatre de ses romans en deux ans !<em>\u00a0<\/em>Un grand festival norv\u00e9gien du polar a d\u00e9cern\u00e9, pour la premi\u00e8re fois de son histoire, un \u00ab\u00a0prix du meilleur polar traduit\u00a0\u00bb, attribu\u00e9 \u00e0 <em>Un avion sans elle<\/em>.<\/p>\n<p style=\"text-align: justify;\">Plus de cent traductions sont parues, ou \u00e0 para\u00eetre, dans 35 langues (pr\u00e8s de 150 romans traduits dans le monde), et sont particuli\u00e8rement populaires au Royaume-Uni, en Italie, en Chine, au Br\u00e9sil, en Russie\u2026<\/p>\n<p style=\"text-align: justify;\">La plupart des titres des romans de Michel Bussi sont inspir\u00e9s de la chanson fran\u00e7aise. Ces titres ne sont pas forc\u00e9ment ceux des chansons.<\/p>\n<ul style=\"text-align: justify;\">\n<li><em>Mourir sur Seine<\/em> fait r\u00e9f\u00e9rence \u00e0 la chanson <em>Mourir sur sc\u00e8ne<\/em> de Dalida.<\/li>\n<li><em>Maman a tort<\/em> fait r\u00e9f\u00e9rence \u00e0 la chanson <em>Maman a tort<\/em> de Myl\u00e8ne Farmer.<\/li>\n<li><em>Le temps est assassin<\/em> fait r\u00e9f\u00e9rence \u00e0 la chanson <em>Mistral gagnant<\/em> de Renaud.<\/li>\n<li><em>Un avion sans elle<\/em> fait r\u00e9f\u00e9rence \u00e0 la chanson <em>Comme un avion sans aile<\/em>, de Charl\u00e9lie Couture.<\/li>\n<li><em>J&rsquo;ai d\u00fb r\u00eaver trop fort<\/em> fait r\u00e9f\u00e9rence \u00e0 la chanson <em>Vertige de l&rsquo;amour<\/em> d&rsquo;Alain Bashung.<\/li>\n<li><em>On la trouvait plut\u00f4t jolie<\/em> sont les premiers mots de la chanson <em>Lily<\/em> de Pierre Perret.<\/li>\n<li><em>Rien ne t&rsquo;efface<\/em> renvoie \u00e0 la chanson <em>Pas toi<\/em> de Jean-Jacques Goldman.<\/li>\n<li><em>N&rsquo;oubliez jamais<\/em> fait r\u00e9f\u00e9rence \u00e0 la chanson <em>N&rsquo;oubliez jamais<\/em> de Joe Cocker.<\/li>\n<\/ul>\n<ul style=\"text-align: justify;\">\n<li><em>T&rsquo;en souviens-tu mon Ana\u00efs<\/em> fait r\u00e9f\u00e9rence \u00e0 la chanson <em>Derni\u00e8re station avant l&rsquo;autoroute<\/em> de Hubert-F\u00e9lix Thi\u00e9faine.<\/li>\n<li><em>Au soleil redout\u00e9<\/em> fait r\u00e9f\u00e9rence \u00e0 la chanson <em>Les Marquises<\/em> de Jacques Brel.<\/li>\n<li><em>Ne l\u00e2che pas ma main<\/em> fait r\u00e9f\u00e9rence \u00e0 la chanson de Fran\u00e7ois Hadji-Lazaro.<\/li>\n<li><em>Grav\u00e9 dans le sable<\/em> fait r\u00e9f\u00e9rence \u00e0 la chanson <em>T\u00eate charg\u00e9e<\/em> de Bernard Lavilliers.<\/li>\n<li><em>Trois vies par semaine<\/em> fait r\u00e9f\u00e9rence \u00e0 la chanson <em>Trois nuits par semaine<\/em> de Indochine.<\/li>\n<\/ul>\n<p style=\"text-align: justify;\">Par ailleurs, l&rsquo;auteur s&rsquo;amuse \u00e0 mettre des clins d&rsquo;\u0153il\u00a0: \u00ab\u00a0Dans mon livre <em>Maman a tort<\/em>, le h\u00e9ros s&rsquo;appelle Malone, comme le fils du chanteur Renaud.\u00a0\u00bb<\/p>\n<p style=\"text-align: justify;\">Ses romans ont fait l&rsquo;objet de nombreuses adaptations, \u00e0 commencer par trois s\u00e9ries t\u00e9l\u00e9vis\u00e9es qui ont toutes \u00e9t\u00e9 d&rsquo;importants succ\u00e8s d&rsquo;audience\u00a0: <strong><em>Maman a tort<\/em><\/strong>, France 2, 6 \u00e9pisodes\u00a0; <strong><em>Un avion sans elle<\/em><\/strong>, M6, 4 \u00e9pisodes\u00a0; <strong><em>Le temps est assassin<\/em><\/strong>, TF1, 8 \u00e9pisodes.<\/p>\n<p style=\"text-align: justify;\">Mais plusieurs de ses romans sont \u00e9galement adapt\u00e9s en bande-dessin\u00e9es, tels que <strong><em>Mourir sur Seine<\/em><\/strong>, mais surtout <strong><em>Nymph\u00e9as Noirs<\/em><\/strong> (Duval, Cassegrain), dans la prestigieuse collection Aire Libre de Dupuis, qui re\u00e7oit un consid\u00e9rable succ\u00e8s critique en 2019 et est laur\u00e9at de plusieurs prix BD.<\/p>\n<p style=\"text-align: justify;\">Michel Bussi a \u00e9galement compos\u00e9 les paroles de la chanson, <strong><em>Que restera-t-il de nous\u00a0?<\/em><\/strong><em>,<\/em> qui figure sur l&rsquo;album <em>Les oubli\u00e9s<\/em> de Gauvain Sers, et est pr\u00e9sent\u00e9e comme la bande originale de son roman, <strong><em>J&rsquo;ai d\u00fb r\u00eaver trop fort<\/em>. <\/strong><\/p>\n<p style=\"text-align: justify;\">Michel Bussi vit \u00e0 Darn\u00e9tal, la ville la plus pauvre de l&rsquo;agglom\u00e9ration rouennaise, dans sa petite maison aux volets rouges au bout d&rsquo;un lotissement pr\u00e8s de la rivi\u00e8re. Il fr\u00e9quente toujours ses amis de coll\u00e8ge, qu&rsquo;il retrouve au club de sport, o\u00f9 il fait du ping-pong. Certains sont profs, d&rsquo;autres ouvriers. Ils relisent ses manuscrits.<\/p>\n<p style=\"text-align: justify;\">Quand il ne pr\u00e9pare pas ses cours, on le trouve derri\u00e8re le clavier de son ordinateur portable. Nomade, Michel Bussi d\u00e9serte le plus souvent son bureau ; il aime \u00e9crire au milieu des siens, dans l&rsquo;immense pi\u00e8ce \u00e0 vivre de son pavillon des ann\u00e9es 70, un salon-s\u00e9jour-cuisine de 50m2, o\u00f9 toute la famille se retrouve et chacun s&rsquo;adonne \u00e0 ses activit\u00e9s, o\u00f9 les enfants font leurs devoirs, jouent&#8230;. S&rsquo;il se pla\u00eet \u00e0 d\u00e9crire l&rsquo;habitat de ses personnages, chez lui, il se sent tr\u00e8s d\u00e9tach\u00e9 de ces consid\u00e9rations. \u00a0Il n\u2019a pas de lieu sp\u00e9cifique, comme certains \u00e9crivains peuvent avoir leur nid d&rsquo;aigle. Mobile avec son ordinateur portable, il peut \u00e9crire dans un environnement qui bouge \u00e0 l&rsquo;image de ses romans qui sont ancr\u00e9s dans la vie.<\/p>\n<p style=\"text-align: justify;\"><strong>Bibliographie\u00a0:<\/strong><\/p>\n<p style=\"text-align: justify;\"><strong>Thrillers\u00a0:<\/strong><\/p>\n<ul style=\"text-align: justify;\">\n<li>Code Lupin &#8211; 2006 &#8211; <strong><em>Une \u00e9dition illustr\u00e9e de ce roman est parue en juin 2018<\/em><\/strong><\/li>\n<li>Omaha Crimes &#8211; 2007 &#8211; <strong><em>R\u00e9\u00e9dit\u00e9 en 2014 sous le titre\u00a0: \u00ab\u00a0Grav\u00e9 dans le sable\u00a0\u00bb<\/em><\/strong><\/li>\n<li>Mourir sur Seine &#8211; 2008 &#8211; <strong><em>Ce roman vient d\u2019\u00eatre adapt\u00e9 en bande dessin\u00e9e.<\/em><\/strong><\/li>\n<li>Sang famille, traqu\u00e9 dans les iles anglo-normandes &#8211; 2009<\/li>\n<li>Nymph\u00e9as noirs \u2013 2011 &#8211; <strong><em>Ce roman vient d\u2019\u00eatre adapt\u00e9 en bande dessin\u00e9e.<\/em><\/strong><\/li>\n<li>Un avion sans elle &#8211; 2012<\/li>\n<li>Ne l\u00e2che pas ma main &#8211; 2013<\/li>\n<li>N\u2019oublier jamais &#8211; 2014<\/li>\n<li>Grav\u00e9 dans le sable &#8211; 2014<\/li>\n<li>Maman a tort \u2013 2015<\/li>\n<li>Le temps est assassin &#8211; 2016<\/li>\n<li>On la trouvait plut\u00f4t jolie &#8211; 2017<\/li>\n<li>Je suis Li Wei, dans le recueil collectif <em>13 \u00e0 table\u00a0! &#8211; <\/em>2018<\/li>\n<li>J\u2019ai d\u00fb r\u00eaver un peu trop \u2013 2019<\/li>\n<li>Rien ne t\u2019efface \u2013 2021<\/li>\n<li>Nouvelle Babel \u2013 2022<\/li>\n<li>Trois vies par semaine &#8211; 2023<\/li>\n<\/ul>\n<p style=\"text-align: justify;\"><strong>\u00a0<\/strong><\/p>\n<p style=\"text-align: justify;\"><strong>Recueil\u00a0:<\/strong><\/p>\n<ul style=\"text-align: justify;\">\n<li>Beyblade runner (avec avec David Boidin et Bernard Minier) dans le recueil Les Aventures du concierge masqu\u00e9 (Atelier Mos\u00e9su en 2015)<\/li>\n<li>L\u2019armoire normande dans le recueil collectif Quatre auteurs \u00e0 la plage (D\u00e9partement de Seine-Maritime en 2015<\/li>\n<\/ul>\n<ul style=\"text-align: justify;\">\n<li>La seconde morte, dans le recueil collectif 13 \u00e0 table\u00a0!, 2015<\/li>\n<li>Je suis Li Wei, dans le recueil collectif 13 \u00e0 table\u00a0! 2018<\/li>\n<li>T\u2019en souviens-tu, mon Ana\u00efs ? et autres nouvelles, 2018<\/li>\n<\/ul>\n<p style=\"text-align: justify;\"><strong>Essais<\/strong><\/p>\n<ul style=\"text-align: justify;\">\n<li>El\u00e9ments de g\u00e9ographie \u00e9lectorale \u00e0 travers l\u2019exemple (Publication de l\u2019Universit\u00e9 de Rouen en 1998)<\/li>\n<li>Pour une nouvelle g\u00e9ographie du politique, territoire, d\u00e9mocratie, \u00e9lection (Anthropos en mars 2004)<\/li>\n<li>Un monde en recomposition (Publication de l\u2019Universit\u00e9 de Rouen en 2010).<\/li>\n<\/ul>\n<p style=\"text-align: justify;\"><strong>Prix et distinctions litt\u00e9raires\u00a0:<\/strong><\/p>\n<p style=\"text-align: justify;\">\u00a0\u00a0\u00a0\u00a0\u00a0\u00a0\u00a0\u00a0\u00a0\u00a0\u00a0 Le succ\u00e8s de\u00a0Michel\u00a0Bussi, c&rsquo;est celui de la France des petits prix litt\u00e9raires, dont la presse se fait rarement l&rsquo;\u00e9cho. Il en totalise une vingtaine, qu&rsquo;on lui a d\u00e9cern\u00e9s au Havre, au Mans, \u00e0 Lens, Caen, Tr\u00e9vi\u00e8res, Cognac, Villeneuve-l\u00e8s-Avignon, Elven, Montigny-l\u00e8s-Cormeilles, Li\u00e8ge, Estaimpuis, Vaugneray, Ouessant. Il envoie ses livres lui-m\u00eame, colle les timbres et les enveloppes, surveille les \u00e9ch\u00e9ances, prend des trains Corail pour recevoir ses troph\u00e9es aux quatre coins du pays.<\/p>\n<p style=\"text-align: justify;\"><strong>Omaha Crimes \/ Grav\u00e9 dans le sable<\/strong><\/p>\n<ul style=\"text-align: justify;\">\n<li>2007, prix Sang d\u2019encre de la ville de Vienne (Is\u00e8re)<\/li>\n<li>2008, prix litt\u00e9raire du premier roman policier de la ville de Lens (Pas-de-Calais)<\/li>\n<li>2008, prix litt\u00e9raire lyc\u00e9en de la ville de Caen<\/li>\n<li>2008, prix Octave Mirbeau de la ville de Tr\u00e9vi\u00e8res<\/li>\n<li>2008, prix des lecteurs Ancres noires de la ville du Havre<\/li>\n<\/ul>\n<p style=\"text-align: justify;\"><strong>Mourir sur Seine<\/strong><\/p>\n<ul style=\"text-align: justify;\">\n<li>2008, prix du Comit\u00e9 r\u00e9gional du livre de Basse-Normandie (prix Reine Mathilde)<\/li>\n<\/ul>\n<p style=\"text-align: justify;\"><strong>Nymph\u00e9as noirs<\/strong><\/p>\n<ul style=\"text-align: justify;\">\n<li>2011, prix des lecteurs du festival Polar de Cognac<\/li>\n<li>2011, prix du polar m\u00e9diterran\u00e9en (festival de Villeneuve-lez-Avignon)<\/li>\n<li>2011, prix Michel Lebrun de la 25<sup>\u00e8me<\/sup> heure du Mans<\/li>\n<li>2011, Grand prix Gustave Flaubert de la Soci\u00e9t\u00e9 des \u00e9crivains normands<\/li>\n<li>2011, prix des lecteurs du festival Sang d\u2019Encre de la ville de Vienne (\u00ab\u00a0gouttes de Sang d\u2019encre\u00a0\u00bb)<\/li>\n<\/ul>\n<ul style=\"text-align: justify;\">\n<li>2011, Finaliste du prix myst\u00e8re de la critique (3<sup>\u00e8me<\/sup>), du prix du polar francophone de Montigny-l\u00e8s-Cormeilles (2\u00e8me), du prix marseillais du polar, du prix Polar de Cognac, du prix du roman populaire d\u2019Elven, du prix Plume-Libre, du prix plume de Cristal du festival policier de Li\u00e8ge<\/li>\n<li>2014, prix \u00ab\u00a0critiques-libres.com\u00a0\u00bb (site de litt\u00e9rature en ligne -14 000 membres)<\/li>\n<li>2015, Prix Domitys (prix des maisons de retraite)<\/li>\n<li>2017, Prix Segalen (Preix des lyc\u00e9es fran\u00e7ais de la zone Asie pacifique)<\/li>\n<\/ul>\n<p style=\"text-align: justify;\"><strong>Un avion sans elle<\/strong><\/p>\n<ul style=\"text-align: justify;\">\n<li>2012, Prix Maison de la Presse<\/li>\n<li>2012, prix du polar francophone de Montigny-l\u00e8s-Cormeilles<\/li>\n<li>2012, prix du roman populaire (Elven)<\/li>\n<li>2012, prix \u00ab\u00a0\u00e0 chacun son histoire\u00a0\u00bb, (Estampuis, Belgique).<\/li>\n<li>2012, finaliste du Grand Prix de litt\u00e9rature polici\u00e8re, finaliste du prix Polar de Cognac<\/li>\n<li>2013, prix polar des lecteurs, NVN, le Noir du Val Noir (Vaugneray)<\/li>\n<li>2014, prix Dupuy 2014 (lyc\u00e9e Dupuy de L\u00f4me)<\/li>\n<\/ul>\n<ul style=\"text-align: justify;\">\n<li>2016, Prix du meilleur polar au Japon<\/li>\n<\/ul>\n<ul style=\"text-align: justify;\">\n<li>2017, Prix du meilleur polar traduit (grand festival norv\u00e9gien du polar\u00a0: Krim Festivalen)<\/li>\n<\/ul>\n<p style=\"text-align: justify;\"><strong>Ne l\u00e2che pas ma main<\/strong><\/p>\n<ul style=\"text-align: justify;\">\n<li>2013, Livre du mois de mai, prix Relay des voyageurs-Europe 1<\/li>\n<li>2013, Prix du roman insulaire, salon du livre insulaire d&rsquo;Ouessant, cat\u00e9gorie \u00ab\u00a0policier\u00a0\u00bb<\/li>\n<li>2013, Prix des lecteurs \u00ab\u00a0Voyage au c\u0153ur du polar\u00a0\u00bb, biblioth\u00e8que de Mesnil-Esnard.<\/li>\n<li>2013, finaliste du grand prix de litt\u00e9rature polici\u00e8re, finaliste du prix Interpol&rsquo;art, finaliste du prix Polar de Cognac<\/li>\n<li>2014, Prix litt\u00e9raire du Pays de Pouzauges<\/li>\n<li>2014, Prix \u00ab\u00a0la Plume Martraise\u00a0\u00bb (Martres-Tolosane)<\/li>\n<\/ul>\n<p style=\"text-align: justify;\"><strong>Maman a tort<\/strong><\/p>\n<ul style=\"text-align: justify;\">\n<li>2015, Prix Sang d&rsquo;encre des lyc\u00e9ens 2013<\/li>\n<\/ul>\n<p style=\"text-align: justify;\"><strong>N\u2019oublier jamais<\/strong><\/p>\n<ul>\n<li style=\"text-align: justify;\">2016, Prix du talent litt\u00e9raire normand<\/li>\n<\/ul>\n","protected":false},"excerpt":{"rendered":"<p>Habiter trois villes diff\u00e9rentes ? Poss\u00e9der trois identit\u00e9s reconnues ? Aimer.<\/p>\n","protected":false},"author":3,"featured_media":10053,"comment_status":"open","ping_status":"closed","sticky":false,"template":"","format":"standard","meta":{"footnotes":""},"categories":[674],"tags":[331],"jetpack_featured_media_url":"http:\/\/www.e-cartable.fr\/vasa-lecture\/wp-content\/uploads\/2023\/03\/Trois-vies-par-semaine.jpg","_links":{"self":[{"href":"http:\/\/www.e-cartable.fr\/vasa-lecture\/wp-json\/wp\/v2\/posts\/10056"}],"collection":[{"href":"http:\/\/www.e-cartable.fr\/vasa-lecture\/wp-json\/wp\/v2\/posts"}],"about":[{"href":"http:\/\/www.e-cartable.fr\/vasa-lecture\/wp-json\/wp\/v2\/types\/post"}],"author":[{"embeddable":true,"href":"http:\/\/www.e-cartable.fr\/vasa-lecture\/wp-json\/wp\/v2\/users\/3"}],"replies":[{"embeddable":true,"href":"http:\/\/www.e-cartable.fr\/vasa-lecture\/wp-json\/wp\/v2\/comments?post=10056"}],"version-history":[{"count":0,"href":"http:\/\/www.e-cartable.fr\/vasa-lecture\/wp-json\/wp\/v2\/posts\/10056\/revisions"}],"wp:featuredmedia":[{"embeddable":true,"href":"http:\/\/www.e-cartable.fr\/vasa-lecture\/wp-json\/wp\/v2\/media\/10053"}],"wp:attachment":[{"href":"http:\/\/www.e-cartable.fr\/vasa-lecture\/wp-json\/wp\/v2\/media?parent=10056"}],"wp:term":[{"taxonomy":"category","embeddable":true,"href":"http:\/\/www.e-cartable.fr\/vasa-lecture\/wp-json\/wp\/v2\/categories?post=10056"},{"taxonomy":"post_tag","embeddable":true,"href":"http:\/\/www.e-cartable.fr\/vasa-lecture\/wp-json\/wp\/v2\/tags?post=10056"}],"curies":[{"name":"wp","href":"https:\/\/api.w.org\/{rel}","templated":true}]}}