{"id":10023,"date":"2023-02-27T18:08:03","date_gmt":"2023-02-27T17:08:03","guid":{"rendered":"http:\/\/www.e-cartable.fr\/vasa-lecture\/?p=10023"},"modified":"2023-02-27T18:10:13","modified_gmt":"2023-02-27T17:10:13","slug":"pasques-jean-francois-%e2%99%a6-mortelle-canicule","status":"publish","type":"post","link":"http:\/\/www.e-cartable.fr\/vasa-lecture\/pasques-jean-francois-%e2%99%a6-mortelle-canicule\/","title":{"rendered":"Pasques Jean-Fran\u00e7ois &#x2666; Mortelle canicule"},"content":{"rendered":"<p style=\"text-align: justify;\"><strong><em><a href=\"http:\/\/www.e-cartable.fr\/vasa-lecture\/?attachment_id=10022\" rel=\"attachment wp-att-10022\"><img decoding=\"async\" loading=\"lazy\" class=\"alignright wp-image-10022 \" src=\"http:\/\/www.e-cartable.fr\/vasa-lecture\/wp-content\/uploads\/2023\/02\/Mortelle-canicule.jpg\" alt=\"\" width=\"112\" height=\"164\" srcset=\"http:\/\/www.e-cartable.fr\/vasa-lecture\/wp-content\/uploads\/2023\/02\/Mortelle-canicule.jpg 219w, http:\/\/www.e-cartable.fr\/vasa-lecture\/wp-content\/uploads\/2023\/02\/Mortelle-canicule-205x300.jpg 205w\" sizes=\"(max-width: 112px) 100vw, 112px\" \/><\/a>S\u00e9rie\u00a0:<\/em> <em>Pierre Morland &#8211; tome 1 : <\/em><\/strong><strong><em>Mortelle canicule<\/em><\/strong> est un roman paru en 2019. Il nous pr\u00e9sente pour la premi\u00e8re fois le capitaine Delestran et son \u00e9quipi\u00e8re la lieutenante Victoire Beaumont.<\/p>\n<p style=\"text-align: justify;\"><!--more-->C&rsquo;est le d\u00e9but du mois d&rsquo;ao\u00fbt 2003, la majeure partie des Fran\u00e7ais est en vacances, la canicule s&rsquo;installe peu \u00e0 peu.<\/p>\n<p style=\"text-align: justify;\">La canicule fait rage dans Paris vid\u00e9e de ses habitants. Des temp\u00e9ratures sup\u00e9rieures \u00e0 40 \u00b0C sont atteintes. La surmortalit\u00e9 explose chez les personnes \u00e2g\u00e9es et les individus les plus faibles. Plus de 15 000 d\u00e9c\u00e8s seront attribu\u00e9s \u00e0 cette vague de chaleur.<\/p>\n<p style=\"text-align: justify;\">Ce lundi-l\u00e0, le commissaire divisionnaire Tanguy Gu\u00e9hut fait bien les choses : il accueille la fra\u00eechement dipl\u00f4m\u00e9e Victoire Beaumont qui vient d&rsquo;\u00eatre nomm\u00e9e \u00e0 la 1\u00e8re Division de Police Judiciaire, 48 boulevard Bessi\u00e8res et lui pr\u00e9sente les diff\u00e9rents services. Puis il la confie au Commandant Julien Delestran, son chef de groupe, un flic \u00e0 l&rsquo;ancienne, imposant, bourru, qui aime jouer avec les mots&#8230; qui emm\u00e8ne donc la jeune lieutenante \u00e0 l\u2019institut m\u00e9dico-l\u00e9gal de Paris, o\u00f9 les l\u00e9gistes sont litt\u00e9ralement d\u00e9bord\u00e9s par la situation sanitaire.<\/p>\n<p style=\"text-align: justify;\">Direction, la morgue, les salles d&rsquo;autopsie. Rien n&rsquo;est \u00e9pargn\u00e9 \u00e0 Victoire. Les employ\u00e9s l&rsquo;affirment, les cadavres affluent, ils n&rsquo;y comprennent rien&#8230; il faudra bient\u00f4t les stocker \u00e0 Rungis, faute de place.<\/p>\n<p style=\"text-align: justify;\">L\u00e0, alors qu\u2019un m\u00e9decin entrouvre un sac \u00e0 corps, l\u2019officier renifle une odeur caract\u00e9ristique d\u2019amande am\u00e8re caract\u00e9ristique d&rsquo;une intoxication au cyanure. Il en est certain : la jeune femme dont le corps sans vie vient d\u2019arriver \u00e0 la morgue n\u2019est pas morte d\u2019un coup de chaleur.<\/p>\n<p style=\"text-align: justify;\">Le m\u00e9decin-l\u00e9giste de Docteur Morland semble n&rsquo;avoir rien remarqu\u00e9 de suspect. Dans le doute, dans cette ambiance tr\u00e8s d\u00e9grad\u00e9e, Delestran demande que l&rsquo;on ouvre une enqu\u00eate sur le d\u00e9c\u00e8s de la jeune morte, le num\u00e9ro 902, Eva Mayol, trente-trois ans, strip-teaseuse dans un peep-show de Pigalle. L&rsquo;autopsie pratiqu\u00e9e sur Eva Mayol confirme qu&rsquo;il s&rsquo;agit bien d&rsquo;un cas d&#8217;empoisonnement au cyanure. Qui en voulait suffisamment \u00e0 cette belle jeune fille pour l&#8217;empoisonner ? Une femme jalouse ? Le m\u00e9decin l\u00e9giste &#8211; un certain Morland &#8211; qui l&rsquo;a examin\u00e9e et qui a disparu de la circulation depuis ? Son \u00e9pouse ? Un tiers inconnu ?<\/p>\n<p style=\"text-align: justify;\">Jean-Fran\u00e7ois Pasques, capitaine de police, nous invite \u00e0 suivre une enqu\u00eate, comme si on y \u00e9tait, et m\u00eame mieux que si on y \u00e9tait \u2013 de \u00ab\u00a0de l&rsquo;int\u00e9rieur\u00a0\u00bb &#8211; en nous d\u00e9voilant, \u00e0 travers cette histoire passionnante, les m\u00e9canismes policiers mis en mouvement. Aucune \u00e9rudition exag\u00e9r\u00e9e ni vocabulaire inutile, le lecteur suit, tel un spectateur privil\u00e9gi\u00e9, les soubresauts des investigations men\u00e9es tambour battant par cette \u00e9quipe de professionnels, avec \u00e0 sa t\u00eate un commandant dot\u00e9 d&rsquo;un flair et d&rsquo;une intuition hors pair.<\/p>\n<p style=\"text-align: justify;\">On se documente, on apprend, on d\u00e9couvre, on se passionne ! <strong><em>Mortelle canicule<\/em><\/strong> est une formidable plong\u00e9e au c\u0153ur de la police judiciaire et de la m\u00e9decine l\u00e9gale. On dirait du Simenon, c\u2019est dire !<\/p>\n<p style=\"text-align: justify;\"><strong>\u00a0<\/strong><\/p>\n<p style=\"text-align: justify;\"><strong>L&rsquo;auteur :<\/strong><\/p>\n<p style=\"text-align: justify;\"><a href=\"http:\/\/www.e-cartable.fr\/vasa-lecture\/?attachment_id=10020\" rel=\"attachment wp-att-10020\"><img decoding=\"async\" loading=\"lazy\" class=\"alignleft wp-image-10020 size-full\" src=\"http:\/\/www.e-cartable.fr\/vasa-lecture\/wp-content\/uploads\/2023\/02\/Jean-Fran\u00e7ois-Pasques.jpg\" alt=\"\" width=\"269\" height=\"344\" srcset=\"http:\/\/www.e-cartable.fr\/vasa-lecture\/wp-content\/uploads\/2023\/02\/Jean-Fran\u00e7ois-Pasques.jpg 269w, http:\/\/www.e-cartable.fr\/vasa-lecture\/wp-content\/uploads\/2023\/02\/Jean-Fran\u00e7ois-Pasques-235x300.jpg 235w, http:\/\/www.e-cartable.fr\/vasa-lecture\/wp-content\/uploads\/2023\/02\/Jean-Fran\u00e7ois-Pasques-220x281.jpg 220w\" sizes=\"(max-width: 269px) 100vw, 269px\" \/><\/a>N\u00e9 en 1971 et chimiste de formation, <strong><em>Jean-Fran\u00e7ois Pasques<\/em><\/strong> est capitaine de police. Il s\u2019est rendu compte, dans son m\u00e9tier de policier, que les sciences n\u2019expliquaient pas tout. Comme le suicide, l\u2019absurde, les croyances\u2026 Il a trouv\u00e9 des r\u00e9ponses en lisant Camus. Notamment l\u2019engagement, la fid\u00e9lit\u00e9, la r\u00e9volte. Ce sont ses chefs, \u00e0 la PJ, qui l\u2019ont conseill\u00e9 de lire, quand il avait 30 ans, car il ne lisaitpas quand il \u00e9tait jeune. Il a d\u00e9couvert les classiques comme Balzac, Flaubert, Hugo\u2026 \u00c7a a \u00e9t\u00e9 une r\u00e9v\u00e9lation. De sa d\u00e9saffection des chiffres, il est pass\u00e9 \u00e0 l\u2019amour des mots. \u00c7a l\u2019a aid\u00e9 \u00e0 mieux supporter mon m\u00e9tier.<\/p>\n<p style=\"text-align: justify;\">Apr\u00e8s une quinzaine d\u2019ann\u00e9es \u00e0 Paris, notamment \u00e0 la Section Criminelle de la 1\u00e8re DPJ, il travaille d\u00e9sormais \u00e0 Nantes en S\u00e9curit\u00e9 Publique. Il a quitt\u00e9 son laboratoire de recherches par manque d\u2019espace et il est rentr\u00e9 dans la Police Nationale, un peu par hasard.<\/p>\n<p style=\"text-align: justify;\">Affecte\u0301 successivement a\u0300 la Brigade Anti-Criminalit\u00e9\u0301 sur Pigalle, puis en Section Criminelle a\u0300 la 1\u00e8re Division de Police Judiciaire de Paris il est d\u00e9sormais en S\u00e9curit\u00e9\u0301 Publique a\u0300 Nantes. Il s\u2019est retrouve\u0301 comme il le d\u00e9sirait, au plus proche des hommes et donc au centre des choses.<\/p>\n<p style=\"text-align: justify;\">Dix-sept ann\u00e9es plus tard, il est convaincu d\u2019avoir trouv\u00e9 sa place dans un monde en perp\u00e9tuel mouvement en donnant du sens \u00e0 sa vie.<\/p>\n<p style=\"text-align: justify;\">La police satisfait son app\u00e9tit de curiosit\u00e9 humaine, et <strong><em>Fils de personne<\/em><\/strong> met en sc\u00e8ne ces personnages hauts en couleurs auxquels il est confront\u00e9 quotidiennement dans son m\u00e9tier.<\/p>\n<p style=\"text-align: justify;\">Avec son \u00e9pouse, ils ont fait le choix de quitter Paris pour offrir \u00e0 leurs deux enfants un cadre de vie plus agr\u00e9able.<\/p>\n","protected":false},"excerpt":{"rendered":"<p>S\u00e9rie\u00a0: Pierre Morland &#8211; tome 1 : Mortelle canicule est un.<\/p>\n","protected":false},"author":3,"featured_media":10022,"comment_status":"open","ping_status":"closed","sticky":false,"template":"","format":"standard","meta":{"footnotes":""},"categories":[667],"tags":[673],"jetpack_featured_media_url":"http:\/\/www.e-cartable.fr\/vasa-lecture\/wp-content\/uploads\/2023\/02\/Mortelle-canicule.jpg","_links":{"self":[{"href":"http:\/\/www.e-cartable.fr\/vasa-lecture\/wp-json\/wp\/v2\/posts\/10023"}],"collection":[{"href":"http:\/\/www.e-cartable.fr\/vasa-lecture\/wp-json\/wp\/v2\/posts"}],"about":[{"href":"http:\/\/www.e-cartable.fr\/vasa-lecture\/wp-json\/wp\/v2\/types\/post"}],"author":[{"embeddable":true,"href":"http:\/\/www.e-cartable.fr\/vasa-lecture\/wp-json\/wp\/v2\/users\/3"}],"replies":[{"embeddable":true,"href":"http:\/\/www.e-cartable.fr\/vasa-lecture\/wp-json\/wp\/v2\/comments?post=10023"}],"version-history":[{"count":0,"href":"http:\/\/www.e-cartable.fr\/vasa-lecture\/wp-json\/wp\/v2\/posts\/10023\/revisions"}],"wp:featuredmedia":[{"embeddable":true,"href":"http:\/\/www.e-cartable.fr\/vasa-lecture\/wp-json\/wp\/v2\/media\/10022"}],"wp:attachment":[{"href":"http:\/\/www.e-cartable.fr\/vasa-lecture\/wp-json\/wp\/v2\/media?parent=10023"}],"wp:term":[{"taxonomy":"category","embeddable":true,"href":"http:\/\/www.e-cartable.fr\/vasa-lecture\/wp-json\/wp\/v2\/categories?post=10023"},{"taxonomy":"post_tag","embeddable":true,"href":"http:\/\/www.e-cartable.fr\/vasa-lecture\/wp-json\/wp\/v2\/tags?post=10023"}],"curies":[{"name":"wp","href":"https:\/\/api.w.org\/{rel}","templated":true}]}}